{"id":59345,"date":"2025-12-11T08:26:21","date_gmt":"2025-12-11T14:26:21","guid":{"rendered":"https:\/\/quepocamadre.com\/?p=59345"},"modified":"2025-12-11T08:26:21","modified_gmt":"2025-12-11T14:26:21","slug":"cae-el-limones-operador-financiero-de-los-cabrera-en-operativo-en-durango","status":"publish","type":"post","link":"https:\/\/quepocamadre.com\/?p=59345","title":{"rendered":"CAE EL \u201cLIMONES\u201d, OPERADOR FINANCIERO DE \u201cLOS CABRERA\u201d, EN OPERATIVO EN DURANGO"},"content":{"rendered":"<p>En un operativo conjunto derivado de trabajos de inteligencia, autoridades federales detuvieron en Durango a Edgar \u201cN\u201d, alias \u201cLimones\u201d, presunto integrante y operador financiero del grupo criminal \u201cLos Cabrera\u201d, se\u00f1alado por su participaci\u00f3n en extorsiones y manejo ilegal de recursos. El secretario de Seguridad, Omar Garc\u00eda Harfuch, inform\u00f3 que la acci\u00f3n fue encabezada por la Agencia de Investigaci\u00f3n Criminal (AIC), con apoyo del Centro Nacional de Inteligencia, como parte de la Estrategia Nacional contra la Extorsi\u00f3n.<\/p>\n<p>Las investigaciones vinculan al detenido con el cobro de extorsiones a comerciantes y ganaderos, as\u00ed como con movimientos financieros irregulares detectados por la Unidad de Inteligencia Financiera (UIF) relacionados con fraude y extorsi\u00f3n. Durante el operativo se aseguraron armas de alto poder, una granada de fragmentaci\u00f3n y equipo t\u00e1ctico, en coordinaci\u00f3n con autoridades de Coahuila, que participaron en el seguimiento del caso. \u201cLimones\u201d fue puesto a disposici\u00f3n del Ministerio P\u00fablico, que definir\u00e1 su situaci\u00f3n legal.<\/p>\n","protected":false},"excerpt":{"rendered":"<p>En un operativo conjunto derivado de trabajos de inteligencia, autoridades federales detuvieron en Durango a Edgar \u201cN\u201d, alias \u201cLimones\u201d, presunto integrante y operador financiero del grupo criminal \u201cLos Cabrera\u201d, se\u00f1alado por su participaci\u00f3n en extorsiones y manejo ilegal de recursos. El secretario de Seguridad, Omar Garc\u00eda Harfuch, inform\u00f3 que la acci\u00f3n fue encabezada por la [&hellip;]<\/p>\n","protected":false},"author":1,"featured_media":59349,"comment_status":"open","ping_status":"open","sticky":false,"template":"","format":"standard","meta":{"footnotes":""},"categories":[168,124],"tags":[],"class_list":["post-59345","post","type-post","status-publish","format-standard","has-post-thumbnail","hentry","category-durango","category-nacional"],"_links":{"self":[{"href":"https:\/\/quepocamadre.com\/index.php?rest_route=\/wp\/v2\/posts\/59345","targetHints":{"allow":["GET"]}}],"collection":[{"href":"https:\/\/quepocamadre.com\/index.php?rest_route=\/wp\/v2\/posts"}],"about":[{"href":"https:\/\/quepocamadre.com\/index.php?rest_route=\/wp\/v2\/types\/post"}],"author":[{"embeddable":true,"href":"https:\/\/quepocamadre.com\/index.php?rest_route=\/wp\/v2\/users\/1"}],"replies":[{"embeddable":true,"href":"https:\/\/quepocamadre.com\/index.php?rest_route=%2Fwp%2Fv2%2Fcomments&post=59345"}],"version-history":[{"count":1,"href":"https:\/\/quepocamadre.com\/index.php?rest_route=\/wp\/v2\/posts\/59345\/revisions"}],"predecessor-version":[{"id":59350,"href":"https:\/\/quepocamadre.com\/index.php?rest_route=\/wp\/v2\/posts\/59345\/revisions\/59350"}],"wp:featuredmedia":[{"embeddable":true,"href":"https:\/\/quepocamadre.com\/index.php?rest_route=\/wp\/v2\/media\/59349"}],"wp:attachment":[{"href":"https:\/\/quepocamadre.com\/index.php?rest_route=%2Fwp%2Fv2%2Fmedia&parent=59345"}],"wp:term":[{"taxonomy":"category","embeddable":true,"href":"https:\/\/quepocamadre.com\/index.php?rest_route=%2Fwp%2Fv2%2Fcategories&post=59345"},{"taxonomy":"post_tag","embeddable":true,"href":"https:\/\/quepocamadre.com\/index.php?rest_route=%2Fwp%2Fv2%2Ftags&post=59345"}],"curies":[{"name":"wp","href":"https:\/\/api.w.org\/{rel}","templated":true}]}}