{"id":59277,"date":"2025-12-10T07:59:13","date_gmt":"2025-12-10T13:59:13","guid":{"rendered":"https:\/\/quepocamadre.com\/?p=59277"},"modified":"2025-12-10T07:59:13","modified_gmt":"2025-12-10T13:59:13","slug":"choque-multiple-deja-un-muerto-y-un-herido-en-saltillo","status":"publish","type":"post","link":"https:\/\/quepocamadre.com\/?p=59277","title":{"rendered":"CHOQUE M\u00daLTIPLE DEJA UN MUERTO Y UN HERIDO EN SALTILLO"},"content":{"rendered":"<p>Un aparatoso accidente vial en el entronque al ejido G\u00f3mez Far\u00edas, en Saltillo, Coahuila, dej\u00f3 como saldo un hombre fallecido y otro herido, inform\u00f3 la Guardia Nacional. De acuerdo con el reporte, una camioneta Ford le quit\u00f3 el paso a un cami\u00f3n de la empresa 2 Factor, cuyo operador, Isa\u00edas \u201cN\u201d, perdi\u00f3 el control tras el impacto, invadi\u00f3 el carril contrario y choc\u00f3 de frente contra un tractocami\u00f3n que transportaba cerveza. Isa\u00edas muri\u00f3 en el lugar, mientras que el chofer del cami\u00f3n cervecero fue trasladado a un hospital de Saltillo.<\/p>\n<p>La v\u00eda tuvo que ser cerrada parcialmente, y durante las diligencias se registraron actos de rapi\u00f1a, donde varias personas sustrajeron cajas de cerveza esparcidas por el choque. Las autoridades ya investigan el hecho para deslindar responsabilidades.<\/p>\n<p><a href=\"https:\/\/quepocamadre.com\/wp-content\/uploads\/2025\/12\/CHOQUE-MULTIPLE-DEJA-UN-MUERTO-Y-UN-HERIDO-EN-SALTILLO.jpg\"><img fetchpriority=\"high\" decoding=\"async\" class=\"aligncenter size-full wp-image-59283\" src=\"https:\/\/quepocamadre.com\/wp-content\/uploads\/2025\/12\/CHOQUE-MULTIPLE-DEJA-UN-MUERTO-Y-UN-HERIDO-EN-SALTILLO.jpg\" alt=\"\" width=\"1200\" height=\"801\" srcset=\"https:\/\/quepocamadre.com\/wp-content\/uploads\/2025\/12\/CHOQUE-MULTIPLE-DEJA-UN-MUERTO-Y-UN-HERIDO-EN-SALTILLO.jpg 1200w, https:\/\/quepocamadre.com\/wp-content\/uploads\/2025\/12\/CHOQUE-MULTIPLE-DEJA-UN-MUERTO-Y-UN-HERIDO-EN-SALTILLO-300x200.jpg 300w, https:\/\/quepocamadre.com\/wp-content\/uploads\/2025\/12\/CHOQUE-MULTIPLE-DEJA-UN-MUERTO-Y-UN-HERIDO-EN-SALTILLO-1024x684.jpg 1024w, https:\/\/quepocamadre.com\/wp-content\/uploads\/2025\/12\/CHOQUE-MULTIPLE-DEJA-UN-MUERTO-Y-UN-HERIDO-EN-SALTILLO-768x513.jpg 768w\" sizes=\"(max-width: 1200px) 100vw, 1200px\" \/><\/a><\/p>\n<p><a href=\"https:\/\/quepocamadre.com\/wp-content\/uploads\/2025\/12\/CHOQUE-MULTIPLE-DEJA-UN-MUERTO-Y-UN-HERIDO-EN-SALTILLO-23.jpg\"><img decoding=\"async\" class=\"aligncenter size-full wp-image-59282\" src=\"https:\/\/quepocamadre.com\/wp-content\/uploads\/2025\/12\/CHOQUE-MULTIPLE-DEJA-UN-MUERTO-Y-UN-HERIDO-EN-SALTILLO-23.jpg\" alt=\"\" width=\"1200\" height=\"801\" srcset=\"https:\/\/quepocamadre.com\/wp-content\/uploads\/2025\/12\/CHOQUE-MULTIPLE-DEJA-UN-MUERTO-Y-UN-HERIDO-EN-SALTILLO-23.jpg 1200w, https:\/\/quepocamadre.com\/wp-content\/uploads\/2025\/12\/CHOQUE-MULTIPLE-DEJA-UN-MUERTO-Y-UN-HERIDO-EN-SALTILLO-23-300x200.jpg 300w, https:\/\/quepocamadre.com\/wp-content\/uploads\/2025\/12\/CHOQUE-MULTIPLE-DEJA-UN-MUERTO-Y-UN-HERIDO-EN-SALTILLO-23-1024x684.jpg 1024w, https:\/\/quepocamadre.com\/wp-content\/uploads\/2025\/12\/CHOQUE-MULTIPLE-DEJA-UN-MUERTO-Y-UN-HERIDO-EN-SALTILLO-23-768x513.jpg 768w\" sizes=\"(max-width: 1200px) 100vw, 1200px\" \/><\/a><\/p>\n","protected":false},"excerpt":{"rendered":"<p>Un aparatoso accidente vial en el entronque al ejido G\u00f3mez Far\u00edas, en Saltillo, Coahuila, dej\u00f3 como saldo un hombre fallecido y otro herido, inform\u00f3 la Guardia Nacional. De acuerdo con el reporte, una camioneta Ford le quit\u00f3 el paso a un cami\u00f3n de la empresa 2 Factor, cuyo operador, Isa\u00edas \u201cN\u201d, perdi\u00f3 el control tras [&hellip;]<\/p>\n","protected":false},"author":1,"featured_media":59281,"comment_status":"open","ping_status":"open","sticky":false,"template":"","format":"standard","meta":{"footnotes":""},"categories":[167,124],"tags":[],"class_list":["post-59277","post","type-post","status-publish","format-standard","has-post-thumbnail","hentry","category-coahuila-nacional","category-nacional"],"_links":{"self":[{"href":"https:\/\/quepocamadre.com\/index.php?rest_route=\/wp\/v2\/posts\/59277","targetHints":{"allow":["GET"]}}],"collection":[{"href":"https:\/\/quepocamadre.com\/index.php?rest_route=\/wp\/v2\/posts"}],"about":[{"href":"https:\/\/quepocamadre.com\/index.php?rest_route=\/wp\/v2\/types\/post"}],"author":[{"embeddable":true,"href":"https:\/\/quepocamadre.com\/index.php?rest_route=\/wp\/v2\/users\/1"}],"replies":[{"embeddable":true,"href":"https:\/\/quepocamadre.com\/index.php?rest_route=%2Fwp%2Fv2%2Fcomments&post=59277"}],"version-history":[{"count":1,"href":"https:\/\/quepocamadre.com\/index.php?rest_route=\/wp\/v2\/posts\/59277\/revisions"}],"predecessor-version":[{"id":59284,"href":"https:\/\/quepocamadre.com\/index.php?rest_route=\/wp\/v2\/posts\/59277\/revisions\/59284"}],"wp:featuredmedia":[{"embeddable":true,"href":"https:\/\/quepocamadre.com\/index.php?rest_route=\/wp\/v2\/media\/59281"}],"wp:attachment":[{"href":"https:\/\/quepocamadre.com\/index.php?rest_route=%2Fwp%2Fv2%2Fmedia&parent=59277"}],"wp:term":[{"taxonomy":"category","embeddable":true,"href":"https:\/\/quepocamadre.com\/index.php?rest_route=%2Fwp%2Fv2%2Fcategories&post=59277"},{"taxonomy":"post_tag","embeddable":true,"href":"https:\/\/quepocamadre.com\/index.php?rest_route=%2Fwp%2Fv2%2Ftags&post=59277"}],"curies":[{"name":"wp","href":"https:\/\/api.w.org\/{rel}","templated":true}]}}