{"id":59227,"date":"2025-12-09T08:07:37","date_gmt":"2025-12-09T14:07:37","guid":{"rendered":"https:\/\/quepocamadre.com\/?p=59227"},"modified":"2025-12-09T08:07:37","modified_gmt":"2025-12-09T14:07:37","slug":"murio-de-forma-repentina","status":"publish","type":"post","link":"https:\/\/quepocamadre.com\/?p=59227","title":{"rendered":"\u00a1MURI\u00d3 DE FORMA REPENTINA!"},"content":{"rendered":"<p>Un hombre muri\u00f3 aparentemente por causas naturales en el Parque Col\u00f3n, en la zona de Santa Ana Centro de Tlaxcala. Visitantes del lugar alertaron a las autoridades tras encontrarlo inconsciente sobre una banca.<\/p>\n<p>Elementos de seguridad y personal m\u00e9dico acudieron al sitio, pero solo pudieron confirmar el fallecimiento. La zona fue parcialmente acordonada mientras se lleva a cabo el procedimiento correspondiente para determinar con certeza la causa de muerte y realizar el levantamiento del cuerpo.<\/p>\n","protected":false},"excerpt":{"rendered":"<p>Un hombre muri\u00f3 aparentemente por causas naturales en el Parque Col\u00f3n, en la zona de Santa Ana Centro de Tlaxcala. Visitantes del lugar alertaron a las autoridades tras encontrarlo inconsciente sobre una banca. Elementos de seguridad y personal m\u00e9dico acudieron al sitio, pero solo pudieron confirmar el fallecimiento. La zona fue parcialmente acordonada mientras se [&hellip;]<\/p>\n","protected":false},"author":1,"featured_media":59231,"comment_status":"open","ping_status":"open","sticky":false,"template":"","format":"standard","meta":{"footnotes":""},"categories":[124,170],"tags":[],"class_list":["post-59227","post","type-post","status-publish","format-standard","has-post-thumbnail","hentry","category-nacional","category-tlaxcala"],"_links":{"self":[{"href":"https:\/\/quepocamadre.com\/index.php?rest_route=\/wp\/v2\/posts\/59227","targetHints":{"allow":["GET"]}}],"collection":[{"href":"https:\/\/quepocamadre.com\/index.php?rest_route=\/wp\/v2\/posts"}],"about":[{"href":"https:\/\/quepocamadre.com\/index.php?rest_route=\/wp\/v2\/types\/post"}],"author":[{"embeddable":true,"href":"https:\/\/quepocamadre.com\/index.php?rest_route=\/wp\/v2\/users\/1"}],"replies":[{"embeddable":true,"href":"https:\/\/quepocamadre.com\/index.php?rest_route=%2Fwp%2Fv2%2Fcomments&post=59227"}],"version-history":[{"count":1,"href":"https:\/\/quepocamadre.com\/index.php?rest_route=\/wp\/v2\/posts\/59227\/revisions"}],"predecessor-version":[{"id":59232,"href":"https:\/\/quepocamadre.com\/index.php?rest_route=\/wp\/v2\/posts\/59227\/revisions\/59232"}],"wp:featuredmedia":[{"embeddable":true,"href":"https:\/\/quepocamadre.com\/index.php?rest_route=\/wp\/v2\/media\/59231"}],"wp:attachment":[{"href":"https:\/\/quepocamadre.com\/index.php?rest_route=%2Fwp%2Fv2%2Fmedia&parent=59227"}],"wp:term":[{"taxonomy":"category","embeddable":true,"href":"https:\/\/quepocamadre.com\/index.php?rest_route=%2Fwp%2Fv2%2Fcategories&post=59227"},{"taxonomy":"post_tag","embeddable":true,"href":"https:\/\/quepocamadre.com\/index.php?rest_route=%2Fwp%2Fv2%2Ftags&post=59227"}],"curies":[{"name":"wp","href":"https:\/\/api.w.org\/{rel}","templated":true}]}}