{"id":59211,"date":"2025-12-09T08:04:29","date_gmt":"2025-12-09T14:04:29","guid":{"rendered":"https:\/\/quepocamadre.com\/?p=59211"},"modified":"2025-12-09T08:04:29","modified_gmt":"2025-12-09T14:04:29","slug":"hombre-fue-arrollado-y-murio-al-instante","status":"publish","type":"post","link":"https:\/\/quepocamadre.com\/?p=59211","title":{"rendered":"\u00a1HOMBRE FUE ARROLLADO Y MURI\u00d3 AL INSTANTE!"},"content":{"rendered":"<p>Un hombre perdi\u00f3 la vida tras ser arrollado en los carriles laterales de Perif\u00e9rico Norte, a la altura del cruce con Primero de Mayo, en Naucalpan, Estado de M\u00e9xico. De acuerdo con los primeros reportes, la v\u00edctima intentaba cruzar la vialidad cuando fue embestida por un veh\u00edculo que no alcanz\u00f3 a frenar.<\/p>\n<p>Param\u00e9dicos arribaron al lugar, pero solo pudieron confirmar que el hombre ya no presentaba signos vitales. La zona fue acordonada mientras peritos realizaban las diligencias correspondientes para esclarecer el hecho e identificar al responsable.<\/p>\n","protected":false},"excerpt":{"rendered":"<p>Un hombre perdi\u00f3 la vida tras ser arrollado en los carriles laterales de Perif\u00e9rico Norte, a la altura del cruce con Primero de Mayo, en Naucalpan, Estado de M\u00e9xico. De acuerdo con los primeros reportes, la v\u00edctima intentaba cruzar la vialidad cuando fue embestida por un veh\u00edculo que no alcanz\u00f3 a frenar. Param\u00e9dicos arribaron al [&hellip;]<\/p>\n","protected":false},"author":1,"featured_media":59213,"comment_status":"open","ping_status":"open","sticky":false,"template":"","format":"standard","meta":{"footnotes":""},"categories":[102,124,243],"tags":[],"class_list":["post-59211","post","type-post","status-publish","format-standard","has-post-thumbnail","hentry","category-edomex","category-nacional","category-naucalpan"],"_links":{"self":[{"href":"https:\/\/quepocamadre.com\/index.php?rest_route=\/wp\/v2\/posts\/59211","targetHints":{"allow":["GET"]}}],"collection":[{"href":"https:\/\/quepocamadre.com\/index.php?rest_route=\/wp\/v2\/posts"}],"about":[{"href":"https:\/\/quepocamadre.com\/index.php?rest_route=\/wp\/v2\/types\/post"}],"author":[{"embeddable":true,"href":"https:\/\/quepocamadre.com\/index.php?rest_route=\/wp\/v2\/users\/1"}],"replies":[{"embeddable":true,"href":"https:\/\/quepocamadre.com\/index.php?rest_route=%2Fwp%2Fv2%2Fcomments&post=59211"}],"version-history":[{"count":1,"href":"https:\/\/quepocamadre.com\/index.php?rest_route=\/wp\/v2\/posts\/59211\/revisions"}],"predecessor-version":[{"id":59214,"href":"https:\/\/quepocamadre.com\/index.php?rest_route=\/wp\/v2\/posts\/59211\/revisions\/59214"}],"wp:featuredmedia":[{"embeddable":true,"href":"https:\/\/quepocamadre.com\/index.php?rest_route=\/wp\/v2\/media\/59213"}],"wp:attachment":[{"href":"https:\/\/quepocamadre.com\/index.php?rest_route=%2Fwp%2Fv2%2Fmedia&parent=59211"}],"wp:term":[{"taxonomy":"category","embeddable":true,"href":"https:\/\/quepocamadre.com\/index.php?rest_route=%2Fwp%2Fv2%2Fcategories&post=59211"},{"taxonomy":"post_tag","embeddable":true,"href":"https:\/\/quepocamadre.com\/index.php?rest_route=%2Fwp%2Fv2%2Ftags&post=59211"}],"curies":[{"name":"wp","href":"https:\/\/api.w.org\/{rel}","templated":true}]}}