{"id":59045,"date":"2025-12-04T08:31:43","date_gmt":"2025-12-04T14:31:43","guid":{"rendered":"https:\/\/quepocamadre.com\/?p=59045"},"modified":"2025-12-04T08:31:43","modified_gmt":"2025-12-04T14:31:43","slug":"feminicidio-de-nina-de-12-anos-indigna-a-izamal-su-padrastro-es-el-principal-sospechoso","status":"publish","type":"post","link":"https:\/\/quepocamadre.com\/?p=59045","title":{"rendered":"FEMINICIDIO DE NI\u00d1A DE 12 A\u00d1OS INDIGNA A IZAMAL; SU PADRASTRO ES EL PRINCIPAL SOSPECHOSO"},"content":{"rendered":"<p>Una ni\u00f1a de 12 a\u00f1os fue encontrada sin vida dentro de su domicilio en la calle 39, cerca de avenida Zamn\u00e1, en Yucat\u00e1n. De acuerdo con los primeros reportes, la menor presentaba signos evidentes de violencia.<\/p>\n<p>El principal se\u00f1alado es su padrastro, apodado \u201cEl Flaco\u201d, originario de Veracruz, quien habr\u00eda aprovechado que la ni\u00f1a estaba sola para atacarla y luego huy\u00f3 del lugar.<\/p>\n<p>La madre lleg\u00f3 al domicilio y encontr\u00f3 la puerta cerrada. Al no recibir respuesta, pidi\u00f3 ayuda a las autoridades, quienes descubrieron la escena que hoy tiene conmocionado a todo Izamal.<\/p>\n<p>Elementos estatales y municipales mantienen un operativo de b\u00fasqueda, mientras el cuerpo de la menor fue trasladado al Servicio M\u00e9dico Forense para las diligencias correspondientes.<\/p>\n","protected":false},"excerpt":{"rendered":"<p>Una ni\u00f1a de 12 a\u00f1os fue encontrada sin vida dentro de su domicilio en la calle 39, cerca de avenida Zamn\u00e1, en Yucat\u00e1n. De acuerdo con los primeros reportes, la menor presentaba signos evidentes de violencia. El principal se\u00f1alado es su padrastro, apodado \u201cEl Flaco\u201d, originario de Veracruz, quien habr\u00eda aprovechado que la ni\u00f1a estaba [&hellip;]<\/p>\n","protected":false},"author":1,"featured_media":59049,"comment_status":"open","ping_status":"open","sticky":false,"template":"","format":"standard","meta":{"footnotes":""},"categories":[124,175],"tags":[],"class_list":["post-59045","post","type-post","status-publish","format-standard","has-post-thumbnail","hentry","category-nacional","category-yucatan"],"_links":{"self":[{"href":"https:\/\/quepocamadre.com\/index.php?rest_route=\/wp\/v2\/posts\/59045","targetHints":{"allow":["GET"]}}],"collection":[{"href":"https:\/\/quepocamadre.com\/index.php?rest_route=\/wp\/v2\/posts"}],"about":[{"href":"https:\/\/quepocamadre.com\/index.php?rest_route=\/wp\/v2\/types\/post"}],"author":[{"embeddable":true,"href":"https:\/\/quepocamadre.com\/index.php?rest_route=\/wp\/v2\/users\/1"}],"replies":[{"embeddable":true,"href":"https:\/\/quepocamadre.com\/index.php?rest_route=%2Fwp%2Fv2%2Fcomments&post=59045"}],"version-history":[{"count":1,"href":"https:\/\/quepocamadre.com\/index.php?rest_route=\/wp\/v2\/posts\/59045\/revisions"}],"predecessor-version":[{"id":59050,"href":"https:\/\/quepocamadre.com\/index.php?rest_route=\/wp\/v2\/posts\/59045\/revisions\/59050"}],"wp:featuredmedia":[{"embeddable":true,"href":"https:\/\/quepocamadre.com\/index.php?rest_route=\/wp\/v2\/media\/59049"}],"wp:attachment":[{"href":"https:\/\/quepocamadre.com\/index.php?rest_route=%2Fwp%2Fv2%2Fmedia&parent=59045"}],"wp:term":[{"taxonomy":"category","embeddable":true,"href":"https:\/\/quepocamadre.com\/index.php?rest_route=%2Fwp%2Fv2%2Fcategories&post=59045"},{"taxonomy":"post_tag","embeddable":true,"href":"https:\/\/quepocamadre.com\/index.php?rest_route=%2Fwp%2Fv2%2Ftags&post=59045"}],"curies":[{"name":"wp","href":"https:\/\/api.w.org\/{rel}","templated":true}]}}