{"id":58766,"date":"2025-12-01T08:17:07","date_gmt":"2025-12-01T14:17:07","guid":{"rendered":"https:\/\/quepocamadre.com\/?p=58766"},"modified":"2025-12-03T14:38:04","modified_gmt":"2025-12-03T20:38:04","slug":"intenso-enfrentamiento-entre-grupos-delictivos-en-culiacan","status":"publish","type":"post","link":"https:\/\/quepocamadre.com\/?p=58766","title":{"rendered":"\u00a1INTENSO ENFRENTAMIENTO ENTRE GRUPOS DELICTIVOS EN CULIAC\u00c1N!"},"content":{"rendered":"<p>Vecinos de las colonias Sinaloa y Rafael Buelna, en Culiac\u00e1n, Sinaloa, vivieron momentos de terror, cuando personas armadas se agarraron a plomazos contra otro grupo delictivo.<\/p>\n<p>Todo comenz\u00f3 con persecuci\u00f3n y balacera entre presuntos gatilleros dej\u00f3 un choque m\u00faltiple y con da\u00f1os por disparos de arma de fuego en por lo menos tres unidades.<\/p>\n<p>Se inform\u00f3 que cuando se escucharon los disparos y el fuerte impacto por el choque, varios sujetos corrieron por las calles hasta perderse, sin lograr ser identificados.<\/p>\n<p>El resultado; dos detenidos, dos personas lesionadas y tres coches accidentados. Al lugar arribaron elementos del Ej\u00e9rcito Mexicano.<\/p>\n","protected":false},"excerpt":{"rendered":"<p>Vecinos de las colonias Sinaloa y Rafael Buelna, en Culiac\u00e1n, Sinaloa, vivieron momentos de terror, cuando personas armadas se agarraron a plomazos contra otro grupo delictivo. Todo comenz\u00f3 con persecuci\u00f3n y balacera entre presuntos gatilleros dej\u00f3 un choque m\u00faltiple y con da\u00f1os por disparos de arma de fuego en por lo menos tres unidades. Se [&hellip;]<\/p>\n","protected":false},"author":1,"featured_media":58772,"comment_status":"open","ping_status":"open","sticky":false,"template":"","format":"standard","meta":{"footnotes":""},"categories":[124,163],"tags":[],"class_list":["post-58766","post","type-post","status-publish","format-standard","has-post-thumbnail","hentry","category-nacional","category-sinaloa"],"_links":{"self":[{"href":"https:\/\/quepocamadre.com\/index.php?rest_route=\/wp\/v2\/posts\/58766","targetHints":{"allow":["GET"]}}],"collection":[{"href":"https:\/\/quepocamadre.com\/index.php?rest_route=\/wp\/v2\/posts"}],"about":[{"href":"https:\/\/quepocamadre.com\/index.php?rest_route=\/wp\/v2\/types\/post"}],"author":[{"embeddable":true,"href":"https:\/\/quepocamadre.com\/index.php?rest_route=\/wp\/v2\/users\/1"}],"replies":[{"embeddable":true,"href":"https:\/\/quepocamadre.com\/index.php?rest_route=%2Fwp%2Fv2%2Fcomments&post=58766"}],"version-history":[{"count":1,"href":"https:\/\/quepocamadre.com\/index.php?rest_route=\/wp\/v2\/posts\/58766\/revisions"}],"predecessor-version":[{"id":58773,"href":"https:\/\/quepocamadre.com\/index.php?rest_route=\/wp\/v2\/posts\/58766\/revisions\/58773"}],"wp:featuredmedia":[{"embeddable":true,"href":"https:\/\/quepocamadre.com\/index.php?rest_route=\/wp\/v2\/media\/58772"}],"wp:attachment":[{"href":"https:\/\/quepocamadre.com\/index.php?rest_route=%2Fwp%2Fv2%2Fmedia&parent=58766"}],"wp:term":[{"taxonomy":"category","embeddable":true,"href":"https:\/\/quepocamadre.com\/index.php?rest_route=%2Fwp%2Fv2%2Fcategories&post=58766"},{"taxonomy":"post_tag","embeddable":true,"href":"https:\/\/quepocamadre.com\/index.php?rest_route=%2Fwp%2Fv2%2Ftags&post=58766"}],"curies":[{"name":"wp","href":"https:\/\/api.w.org\/{rel}","templated":true}]}}