{"id":58595,"date":"2025-11-26T08:52:24","date_gmt":"2025-11-26T14:52:24","guid":{"rendered":"https:\/\/quepocamadre.com\/?p=58595"},"modified":"2025-12-03T14:38:11","modified_gmt":"2025-12-03T20:38:11","slug":"lo-machetean-hombre-asesina-a-su-padrastro-por-negarse-a-tomar-la-medicina-en-oaxaca","status":"publish","type":"post","link":"https:\/\/quepocamadre.com\/?p=58595","title":{"rendered":"\u00a1LO MACHETEAN! HOMBRE ASESINA A SU PADRASTRO POR NEGARSE A TOMAR LA MEDICINA EN OAXACA"},"content":{"rendered":"<p>Detuvieron a un hombre identificado por el homicidio de su padrastro, ocurrido en una vivienda del municipio de San Pedro Amuzgos, en Oaxaca.<\/p>\n<p>Los hechos tuvieron lugar el 19 de noviembre de 2025, cuando la v\u00edctima discuti\u00f3 con el acusado debido a que este \u00faltimo se negaba a ingerir sus medicamentos.<\/p>\n<p>Durante el altercado, el agresor presuntamente lo atac\u00f3 con un machete, ocasion\u00e1ndole m\u00faltiples heridas.<\/p>\n<p>Las autoridades se\u00f1alaron que, tras una primera agresi\u00f3n, la v\u00edctima perdi\u00f3 la vida debido a lesiones en distintas partes del cuerpo, provocadas con el arma blanca. En total, el hombre recibi\u00f3 al menos 59 machetazos, incluidos siete en la cabeza, de acuerdo con los datos recabados en el lugar.<\/p>\n<p>la Fiscal\u00eda inform\u00f3 que el imputado de 36 a\u00f1os, quien padecer\u00eda episodios de ira y estaba encargado del cuidado de su padre adoptivo, permanece bajo valoraci\u00f3n psiqui\u00e1trica.<\/p>\n","protected":false},"excerpt":{"rendered":"<p>Detuvieron a un hombre identificado por el homicidio de su padrastro, ocurrido en una vivienda del municipio de San Pedro Amuzgos, en Oaxaca. Los hechos tuvieron lugar el 19 de noviembre de 2025, cuando la v\u00edctima discuti\u00f3 con el acusado debido a que este \u00faltimo se negaba a ingerir sus medicamentos. Durante el altercado, el [&hellip;]<\/p>\n","protected":false},"author":1,"featured_media":58599,"comment_status":"open","ping_status":"open","sticky":false,"template":"","format":"standard","meta":{"footnotes":""},"categories":[124,165],"tags":[],"class_list":["post-58595","post","type-post","status-publish","format-standard","has-post-thumbnail","hentry","category-nacional","category-oaxaca"],"_links":{"self":[{"href":"https:\/\/quepocamadre.com\/index.php?rest_route=\/wp\/v2\/posts\/58595","targetHints":{"allow":["GET"]}}],"collection":[{"href":"https:\/\/quepocamadre.com\/index.php?rest_route=\/wp\/v2\/posts"}],"about":[{"href":"https:\/\/quepocamadre.com\/index.php?rest_route=\/wp\/v2\/types\/post"}],"author":[{"embeddable":true,"href":"https:\/\/quepocamadre.com\/index.php?rest_route=\/wp\/v2\/users\/1"}],"replies":[{"embeddable":true,"href":"https:\/\/quepocamadre.com\/index.php?rest_route=%2Fwp%2Fv2%2Fcomments&post=58595"}],"version-history":[{"count":1,"href":"https:\/\/quepocamadre.com\/index.php?rest_route=\/wp\/v2\/posts\/58595\/revisions"}],"predecessor-version":[{"id":58600,"href":"https:\/\/quepocamadre.com\/index.php?rest_route=\/wp\/v2\/posts\/58595\/revisions\/58600"}],"wp:featuredmedia":[{"embeddable":true,"href":"https:\/\/quepocamadre.com\/index.php?rest_route=\/wp\/v2\/media\/58599"}],"wp:attachment":[{"href":"https:\/\/quepocamadre.com\/index.php?rest_route=%2Fwp%2Fv2%2Fmedia&parent=58595"}],"wp:term":[{"taxonomy":"category","embeddable":true,"href":"https:\/\/quepocamadre.com\/index.php?rest_route=%2Fwp%2Fv2%2Fcategories&post=58595"},{"taxonomy":"post_tag","embeddable":true,"href":"https:\/\/quepocamadre.com\/index.php?rest_route=%2Fwp%2Fv2%2Ftags&post=58595"}],"curies":[{"name":"wp","href":"https:\/\/api.w.org\/{rel}","templated":true}]}}