{"id":58573,"date":"2025-11-26T08:47:14","date_gmt":"2025-11-26T14:47:14","guid":{"rendered":"https:\/\/quepocamadre.com\/?p=58573"},"modified":"2025-12-03T14:38:12","modified_gmt":"2025-12-03T20:38:12","slug":"menor-es-golpeada-en-la-cabeza-tras-ser-aparentemente-agredida-por-policias-de-torreon","status":"publish","type":"post","link":"https:\/\/quepocamadre.com\/?p=58573","title":{"rendered":"\u00a1MENOR ES GOLPEADA EN LA CABEZA! TRAS SER APARENTEMENTE AGREDIDA POR POL\u00cdCIAS DE TORRE\u00d3N"},"content":{"rendered":"<p>Se viraliz\u00f3 el momento en que una ni\u00f1a fue presuntamente agredida por polic\u00edas de Torre\u00f3n, Coahuila; llora y denuncia un dolor de cabeza, tras el altercado que se registr\u00f3 en la col. Zaragoza.<\/p>\n<p>En los videos difundidos en redes, se observa un altercado durante una intervenci\u00f3n policial. En la grabaci\u00f3n, la ni\u00f1a llora y afirma que \u201cle pegaron feo\u201d y que le duele la cabeza.<\/p>\n<p>Todo sucedi\u00f3 despu\u00e9s de que enfrentaron colonos y polic\u00edas tras un reporte por desorden y presuntas actividades il\u00edcitas en la colonia.<\/p>\n","protected":false},"excerpt":{"rendered":"<p>Se viraliz\u00f3 el momento en que una ni\u00f1a fue presuntamente agredida por polic\u00edas de Torre\u00f3n, Coahuila; llora y denuncia un dolor de cabeza, tras el altercado que se registr\u00f3 en la col. Zaragoza. En los videos difundidos en redes, se observa un altercado durante una intervenci\u00f3n policial. En la grabaci\u00f3n, la ni\u00f1a llora y afirma [&hellip;]<\/p>\n","protected":false},"author":1,"featured_media":58575,"comment_status":"open","ping_status":"open","sticky":false,"template":"","format":"standard","meta":{"footnotes":""},"categories":[167,124],"tags":[],"class_list":["post-58573","post","type-post","status-publish","format-standard","has-post-thumbnail","hentry","category-coahuila-nacional","category-nacional"],"_links":{"self":[{"href":"https:\/\/quepocamadre.com\/index.php?rest_route=\/wp\/v2\/posts\/58573","targetHints":{"allow":["GET"]}}],"collection":[{"href":"https:\/\/quepocamadre.com\/index.php?rest_route=\/wp\/v2\/posts"}],"about":[{"href":"https:\/\/quepocamadre.com\/index.php?rest_route=\/wp\/v2\/types\/post"}],"author":[{"embeddable":true,"href":"https:\/\/quepocamadre.com\/index.php?rest_route=\/wp\/v2\/users\/1"}],"replies":[{"embeddable":true,"href":"https:\/\/quepocamadre.com\/index.php?rest_route=%2Fwp%2Fv2%2Fcomments&post=58573"}],"version-history":[{"count":1,"href":"https:\/\/quepocamadre.com\/index.php?rest_route=\/wp\/v2\/posts\/58573\/revisions"}],"predecessor-version":[{"id":58576,"href":"https:\/\/quepocamadre.com\/index.php?rest_route=\/wp\/v2\/posts\/58573\/revisions\/58576"}],"wp:featuredmedia":[{"embeddable":true,"href":"https:\/\/quepocamadre.com\/index.php?rest_route=\/wp\/v2\/media\/58575"}],"wp:attachment":[{"href":"https:\/\/quepocamadre.com\/index.php?rest_route=%2Fwp%2Fv2%2Fmedia&parent=58573"}],"wp:term":[{"taxonomy":"category","embeddable":true,"href":"https:\/\/quepocamadre.com\/index.php?rest_route=%2Fwp%2Fv2%2Fcategories&post=58573"},{"taxonomy":"post_tag","embeddable":true,"href":"https:\/\/quepocamadre.com\/index.php?rest_route=%2Fwp%2Fv2%2Ftags&post=58573"}],"curies":[{"name":"wp","href":"https:\/\/api.w.org\/{rel}","templated":true}]}}