{"id":58543,"date":"2025-11-25T08:11:07","date_gmt":"2025-11-25T14:11:07","guid":{"rendered":"https:\/\/quepocamadre.com\/?p=58543"},"modified":"2025-12-03T14:38:13","modified_gmt":"2025-12-03T20:38:13","slug":"todo-un-exito-en-yucatan-realizaron-cirugia-cerebral-pediatrica-con-paciente-despierto","status":"publish","type":"post","link":"https:\/\/quepocamadre.com\/?p=58543","title":{"rendered":"\u00a1Todo un \u00e9xito! En Yucat\u00e1n realizaron cirug\u00eda cerebral pedi\u00e1trica con paciente despierto"},"content":{"rendered":"<p>En Yucat\u00e1n se realiz\u00f3 por primera vez una cirug\u00eda cerebral pedi\u00e1trica con el paciente despierto, un procedimiento poco com\u00fan en adolescentes y que marca un avance significativo para la neurocirug\u00eda en M\u00e9xico. La operaci\u00f3n tuvo como objetivo extirpar un tumor de cinco cent\u00edmetros ubicado en una zona delicada del cerebro.<\/p>\n<p>El paciente, Francisco Javier, un joven de 16 a\u00f1os, permaneci\u00f3 consciente durante las seis horas que dur\u00f3 la intervenci\u00f3n. Su participaci\u00f3n activa permiti\u00f3 a los especialistas evaluar en tiempo real sus funciones motoras y del lenguaje, reduciendo el riesgo de afectar \u00e1reas esenciales.<\/p>\n<p>Gracias a esta t\u00e9cnica, el equipo m\u00e9dico logr\u00f3 retirar el tumor con alto nivel de precisi\u00f3n, lo que disminuye la probabilidad de secuelas neurol\u00f3gicas. La interacci\u00f3n constante con el paciente permiti\u00f3 identificar los l\u00edmites seguros para operar y evitar da\u00f1os irreversibles.<\/p>\n<p>El procedimiento se considera un hito para la neurocirug\u00eda pedi\u00e1trica en el pa\u00eds, al demostrar que estas t\u00e9cnicas avanzadas pueden aplicarse con \u00e9xito en poblaci\u00f3n joven. Tambi\u00e9n abre la puerta a que m\u00e1s centros especializados adopten este tipo de intervenciones en casos complejos.<\/p>\n","protected":false},"excerpt":{"rendered":"<p>En Yucat\u00e1n se realiz\u00f3 por primera vez una cirug\u00eda cerebral pedi\u00e1trica con el paciente despierto, un procedimiento poco com\u00fan en adolescentes y que marca un avance significativo para la neurocirug\u00eda en M\u00e9xico. La operaci\u00f3n tuvo como objetivo extirpar un tumor de cinco cent\u00edmetros ubicado en una zona delicada del cerebro. El paciente, Francisco Javier, un [&hellip;]<\/p>\n","protected":false},"author":1,"featured_media":58547,"comment_status":"open","ping_status":"open","sticky":false,"template":"","format":"standard","meta":{"footnotes":""},"categories":[124,175],"tags":[],"class_list":["post-58543","post","type-post","status-publish","format-standard","has-post-thumbnail","hentry","category-nacional","category-yucatan"],"_links":{"self":[{"href":"https:\/\/quepocamadre.com\/index.php?rest_route=\/wp\/v2\/posts\/58543","targetHints":{"allow":["GET"]}}],"collection":[{"href":"https:\/\/quepocamadre.com\/index.php?rest_route=\/wp\/v2\/posts"}],"about":[{"href":"https:\/\/quepocamadre.com\/index.php?rest_route=\/wp\/v2\/types\/post"}],"author":[{"embeddable":true,"href":"https:\/\/quepocamadre.com\/index.php?rest_route=\/wp\/v2\/users\/1"}],"replies":[{"embeddable":true,"href":"https:\/\/quepocamadre.com\/index.php?rest_route=%2Fwp%2Fv2%2Fcomments&post=58543"}],"version-history":[{"count":1,"href":"https:\/\/quepocamadre.com\/index.php?rest_route=\/wp\/v2\/posts\/58543\/revisions"}],"predecessor-version":[{"id":58548,"href":"https:\/\/quepocamadre.com\/index.php?rest_route=\/wp\/v2\/posts\/58543\/revisions\/58548"}],"wp:featuredmedia":[{"embeddable":true,"href":"https:\/\/quepocamadre.com\/index.php?rest_route=\/wp\/v2\/media\/58547"}],"wp:attachment":[{"href":"https:\/\/quepocamadre.com\/index.php?rest_route=%2Fwp%2Fv2%2Fmedia&parent=58543"}],"wp:term":[{"taxonomy":"category","embeddable":true,"href":"https:\/\/quepocamadre.com\/index.php?rest_route=%2Fwp%2Fv2%2Fcategories&post=58543"},{"taxonomy":"post_tag","embeddable":true,"href":"https:\/\/quepocamadre.com\/index.php?rest_route=%2Fwp%2Fv2%2Ftags&post=58543"}],"curies":[{"name":"wp","href":"https:\/\/api.w.org\/{rel}","templated":true}]}}