{"id":58519,"date":"2025-11-25T08:06:11","date_gmt":"2025-11-25T14:06:11","guid":{"rendered":"https:\/\/quepocamadre.com\/?p=58519"},"modified":"2025-12-03T14:38:14","modified_gmt":"2025-12-03T20:38:14","slug":"choque-manda-con-san-pedro-a-conductor-en-tlaxcala","status":"publish","type":"post","link":"https:\/\/quepocamadre.com\/?p=58519","title":{"rendered":"CHOQUE MANDA CON SAN PEDRO A CONDUCTOR EN TLAXCALA"},"content":{"rendered":"<p>Un hombre de aproximadamente 40 a\u00f1os perdi\u00f3 la vida tras un fuerte choque entre su veh\u00edculo sed\u00e1n particular y una camioneta de transporte p\u00fablico, sobre la avenida Independencia, en Tlaxcala capital, a la altura del asta bandera. El impacto dej\u00f3 el autom\u00f3vil particular severamente da\u00f1ado, mientras que peatones y automovilistas alertaron de inmediato a los servicios de emergencia.<\/p>\n<p>Al sitio arribaron elementos de la polic\u00eda capitalina, quienes aseguraron al conductor de la camioneta para deslindar responsabilidades. Param\u00e9dicos confirmaron que el conductor del sed\u00e1n ya no contaba con signos vitales. La zona fue acordonada para permitir las maniobras periciales y la retirada de los veh\u00edculos involucrados.<\/p>\n","protected":false},"excerpt":{"rendered":"<p>Un hombre de aproximadamente 40 a\u00f1os perdi\u00f3 la vida tras un fuerte choque entre su veh\u00edculo sed\u00e1n particular y una camioneta de transporte p\u00fablico, sobre la avenida Independencia, en Tlaxcala capital, a la altura del asta bandera. El impacto dej\u00f3 el autom\u00f3vil particular severamente da\u00f1ado, mientras que peatones y automovilistas alertaron de inmediato a los [&hellip;]<\/p>\n","protected":false},"author":1,"featured_media":58523,"comment_status":"open","ping_status":"open","sticky":false,"template":"","format":"standard","meta":{"footnotes":""},"categories":[124,170],"tags":[],"class_list":["post-58519","post","type-post","status-publish","format-standard","has-post-thumbnail","hentry","category-nacional","category-tlaxcala"],"_links":{"self":[{"href":"https:\/\/quepocamadre.com\/index.php?rest_route=\/wp\/v2\/posts\/58519","targetHints":{"allow":["GET"]}}],"collection":[{"href":"https:\/\/quepocamadre.com\/index.php?rest_route=\/wp\/v2\/posts"}],"about":[{"href":"https:\/\/quepocamadre.com\/index.php?rest_route=\/wp\/v2\/types\/post"}],"author":[{"embeddable":true,"href":"https:\/\/quepocamadre.com\/index.php?rest_route=\/wp\/v2\/users\/1"}],"replies":[{"embeddable":true,"href":"https:\/\/quepocamadre.com\/index.php?rest_route=%2Fwp%2Fv2%2Fcomments&post=58519"}],"version-history":[{"count":1,"href":"https:\/\/quepocamadre.com\/index.php?rest_route=\/wp\/v2\/posts\/58519\/revisions"}],"predecessor-version":[{"id":58524,"href":"https:\/\/quepocamadre.com\/index.php?rest_route=\/wp\/v2\/posts\/58519\/revisions\/58524"}],"wp:featuredmedia":[{"embeddable":true,"href":"https:\/\/quepocamadre.com\/index.php?rest_route=\/wp\/v2\/media\/58523"}],"wp:attachment":[{"href":"https:\/\/quepocamadre.com\/index.php?rest_route=%2Fwp%2Fv2%2Fmedia&parent=58519"}],"wp:term":[{"taxonomy":"category","embeddable":true,"href":"https:\/\/quepocamadre.com\/index.php?rest_route=%2Fwp%2Fv2%2Fcategories&post=58519"},{"taxonomy":"post_tag","embeddable":true,"href":"https:\/\/quepocamadre.com\/index.php?rest_route=%2Fwp%2Fv2%2Ftags&post=58519"}],"curies":[{"name":"wp","href":"https:\/\/api.w.org\/{rel}","templated":true}]}}