{"id":58301,"date":"2025-11-19T08:32:36","date_gmt":"2025-11-19T14:32:36","guid":{"rendered":"https:\/\/quepocamadre.com\/?p=58301"},"modified":"2025-12-03T14:38:23","modified_gmt":"2025-12-03T20:38:23","slug":"indignacion-en-campeche-asesinan-a-balazos-a-funcionaria-municipal-en-palizada","status":"publish","type":"post","link":"https:\/\/quepocamadre.com\/?p=58301","title":{"rendered":"\u00a1Indignaci\u00f3n en Campeche! Asesinan a balazos a funcionaria municipal en Palizada"},"content":{"rendered":"<p>\u00a1Alerta de violencia pol\u00edtica! La Fiscal\u00eda General del Estado de Campeche confirm\u00f3 el asesinato de la funcionaria municipal Karina D\u00edaz Hern\u00e1ndez, atacada con un arma de fuego en el municipio de Palizada.<\/p>\n<p>La v\u00edctima fue trasladada a un Hospital General, pero lamentablemente falleci\u00f3 mientras recib\u00eda atenci\u00f3n m\u00e9dica, seg\u00fan report\u00f3 la fiscal\u00eda local. Las autoridades han iniciado de inmediato las diligencias para esclarecer el crimen y dar con los responsables.<\/p>\n<blockquote><p><strong>\u00a1OLA DE VIOLENCIA CONTRA AUTORIDADES!<\/strong><\/p><\/blockquote>\n<p>La muerte de D\u00edaz Hern\u00e1ndez, identificada como regidora, ha provocado una ola de indignaci\u00f3n. La presidenta del Senado mexicano, Laura Itzel Castillo, manifest\u00f3 su pesar y exigi\u00f3 que &#8220;es inminente que se esclarezcan los hechos y se castigue a los culpables&#8221;.<\/p>\n<p>Este asesinato se suma a la grave ola de violencia que azota a las autoridades locales en M\u00e9xico, tras el reciente asesinato del alcalde de Uruapan, Michoac\u00e1n, Carlos Manzo, y otros diez presidentes municipales en el \u00faltimo a\u00f1o. El foco rojo de la seguridad se enciende una vez m\u00e1s.<\/p>\n","protected":false},"excerpt":{"rendered":"<p>\u00a1Alerta de violencia pol\u00edtica! La Fiscal\u00eda General del Estado de Campeche confirm\u00f3 el asesinato de la funcionaria municipal Karina D\u00edaz Hern\u00e1ndez, atacada con un arma de fuego en el municipio de Palizada. La v\u00edctima fue trasladada a un Hospital General, pero lamentablemente falleci\u00f3 mientras recib\u00eda atenci\u00f3n m\u00e9dica, seg\u00fan report\u00f3 la fiscal\u00eda local. Las autoridades han [&hellip;]<\/p>\n","protected":false},"author":1,"featured_media":58305,"comment_status":"open","ping_status":"open","sticky":false,"template":"","format":"standard","meta":{"footnotes":""},"categories":[135,124],"tags":[],"class_list":["post-58301","post","type-post","status-publish","format-standard","has-post-thumbnail","hentry","category-campeche","category-nacional"],"_links":{"self":[{"href":"https:\/\/quepocamadre.com\/index.php?rest_route=\/wp\/v2\/posts\/58301","targetHints":{"allow":["GET"]}}],"collection":[{"href":"https:\/\/quepocamadre.com\/index.php?rest_route=\/wp\/v2\/posts"}],"about":[{"href":"https:\/\/quepocamadre.com\/index.php?rest_route=\/wp\/v2\/types\/post"}],"author":[{"embeddable":true,"href":"https:\/\/quepocamadre.com\/index.php?rest_route=\/wp\/v2\/users\/1"}],"replies":[{"embeddable":true,"href":"https:\/\/quepocamadre.com\/index.php?rest_route=%2Fwp%2Fv2%2Fcomments&post=58301"}],"version-history":[{"count":1,"href":"https:\/\/quepocamadre.com\/index.php?rest_route=\/wp\/v2\/posts\/58301\/revisions"}],"predecessor-version":[{"id":58306,"href":"https:\/\/quepocamadre.com\/index.php?rest_route=\/wp\/v2\/posts\/58301\/revisions\/58306"}],"wp:featuredmedia":[{"embeddable":true,"href":"https:\/\/quepocamadre.com\/index.php?rest_route=\/wp\/v2\/media\/58305"}],"wp:attachment":[{"href":"https:\/\/quepocamadre.com\/index.php?rest_route=%2Fwp%2Fv2%2Fmedia&parent=58301"}],"wp:term":[{"taxonomy":"category","embeddable":true,"href":"https:\/\/quepocamadre.com\/index.php?rest_route=%2Fwp%2Fv2%2Fcategories&post=58301"},{"taxonomy":"post_tag","embeddable":true,"href":"https:\/\/quepocamadre.com\/index.php?rest_route=%2Fwp%2Fv2%2Ftags&post=58301"}],"curies":[{"name":"wp","href":"https:\/\/api.w.org\/{rel}","templated":true}]}}