{"id":58166,"date":"2025-11-14T07:12:14","date_gmt":"2025-11-14T13:12:14","guid":{"rendered":"https:\/\/quepocamadre.com\/?p=58166"},"modified":"2025-12-03T14:38:28","modified_gmt":"2025-12-03T20:38:28","slug":"en-una-rina-lo-picaron-y-lo-mataron","status":"publish","type":"post","link":"https:\/\/quepocamadre.com\/?p=58166","title":{"rendered":"\u00a1EN UNA RI\u00d1A LO PICARON Y LO MATARON!"},"content":{"rendered":"<p>Una persona perdi\u00f3 la vida en la colonia Para\u00edso Norte, dentro de la ciudad de Tulancingo.<\/p>\n<p>Elementos policiacos acudieron a atender el reporte de una ri\u00f1a en la zona se\u00f1alada, localizando a la persona referida, un hombre, quien ya no presentaba signos vitales.<\/p>\n<p>En el mismo sitio fue localizada una persona m\u00e1s, que al confirmarse presentar lesiones, fue trasladada al Hospital General de Tulancingo para recibir atenci\u00f3n m\u00e9dica.<\/p>\n<p>El sitio fue acordonado en tanto que personal de la Procuradur\u00eda General de Justicia del Estado de Hidalgo inici\u00f3 el levantamiento de pruebas y testimoniales para realizar la investigaci\u00f3n respectiva al caso.<\/p>\n","protected":false},"excerpt":{"rendered":"<p>Una persona perdi\u00f3 la vida en la colonia Para\u00edso Norte, dentro de la ciudad de Tulancingo. Elementos policiacos acudieron a atender el reporte de una ri\u00f1a en la zona se\u00f1alada, localizando a la persona referida, un hombre, quien ya no presentaba signos vitales. En el mismo sitio fue localizada una persona m\u00e1s, que al confirmarse [&hellip;]<\/p>\n","protected":false},"author":1,"featured_media":58170,"comment_status":"open","ping_status":"open","sticky":false,"template":"","format":"standard","meta":{"footnotes":""},"categories":[177,124],"tags":[],"class_list":["post-58166","post","type-post","status-publish","format-standard","has-post-thumbnail","hentry","category-hidalgo","category-nacional"],"_links":{"self":[{"href":"https:\/\/quepocamadre.com\/index.php?rest_route=\/wp\/v2\/posts\/58166","targetHints":{"allow":["GET"]}}],"collection":[{"href":"https:\/\/quepocamadre.com\/index.php?rest_route=\/wp\/v2\/posts"}],"about":[{"href":"https:\/\/quepocamadre.com\/index.php?rest_route=\/wp\/v2\/types\/post"}],"author":[{"embeddable":true,"href":"https:\/\/quepocamadre.com\/index.php?rest_route=\/wp\/v2\/users\/1"}],"replies":[{"embeddable":true,"href":"https:\/\/quepocamadre.com\/index.php?rest_route=%2Fwp%2Fv2%2Fcomments&post=58166"}],"version-history":[{"count":1,"href":"https:\/\/quepocamadre.com\/index.php?rest_route=\/wp\/v2\/posts\/58166\/revisions"}],"predecessor-version":[{"id":58171,"href":"https:\/\/quepocamadre.com\/index.php?rest_route=\/wp\/v2\/posts\/58166\/revisions\/58171"}],"wp:featuredmedia":[{"embeddable":true,"href":"https:\/\/quepocamadre.com\/index.php?rest_route=\/wp\/v2\/media\/58170"}],"wp:attachment":[{"href":"https:\/\/quepocamadre.com\/index.php?rest_route=%2Fwp%2Fv2%2Fmedia&parent=58166"}],"wp:term":[{"taxonomy":"category","embeddable":true,"href":"https:\/\/quepocamadre.com\/index.php?rest_route=%2Fwp%2Fv2%2Fcategories&post=58166"},{"taxonomy":"post_tag","embeddable":true,"href":"https:\/\/quepocamadre.com\/index.php?rest_route=%2Fwp%2Fv2%2Ftags&post=58166"}],"curies":[{"name":"wp","href":"https:\/\/api.w.org\/{rel}","templated":true}]}}