{"id":57501,"date":"2025-11-05T08:43:02","date_gmt":"2025-11-05T14:43:02","guid":{"rendered":"https:\/\/quepocamadre.com\/?p=57501"},"modified":"2025-12-03T14:36:59","modified_gmt":"2025-12-03T20:36:59","slug":"dos-personas-asesinadas-a-plomazos-en-calles-de-hermosillo","status":"publish","type":"post","link":"https:\/\/quepocamadre.com\/?p=57501","title":{"rendered":"\u00a1DOS PERSONAS ASESINADAS A PLOMAZOS EN CALLES DE HERMOSILLO!"},"content":{"rendered":"<p>Dos personas perdieron la vida tras una agresi\u00f3n armada registrada la noche de este martes en las calles Cerro Colorado y Lucero, de la colonia Mirasoles, al norte de Hermosillo, Sonora.<\/p>\n<p>Vecinos del sector reportaron a las autoridades m\u00faltiples detonaciones de arma de fuego, lo que provoc\u00f3 una inmediata movilizaci\u00f3n de polic\u00edas y cuerpos de emergencia.<\/p>\n<p>Al arribar, los agentes confirmaron la presencia de dos personas sin vida dentro de un domicilio que qued\u00f3 acordonado para el inicio de las investigaciones.<\/p>\n<p>Servicios Periciales trabaja en la recolecci\u00f3n de casquillos y evidencia en el sitio, mientras que una gr\u00faa retir\u00f3 un veh\u00edculo con da\u00f1os para determinar si est\u00e1 relacionado con los hechos.<\/p>\n","protected":false},"excerpt":{"rendered":"<p>Dos personas perdieron la vida tras una agresi\u00f3n armada registrada la noche de este martes en las calles Cerro Colorado y Lucero, de la colonia Mirasoles, al norte de Hermosillo, Sonora. Vecinos del sector reportaron a las autoridades m\u00faltiples detonaciones de arma de fuego, lo que provoc\u00f3 una inmediata movilizaci\u00f3n de polic\u00edas y cuerpos de [&hellip;]<\/p>\n","protected":false},"author":1,"featured_media":57505,"comment_status":"open","ping_status":"open","sticky":false,"template":"","format":"standard","meta":{"footnotes":""},"categories":[124,138],"tags":[],"class_list":["post-57501","post","type-post","status-publish","format-standard","has-post-thumbnail","hentry","category-nacional","category-sonora"],"_links":{"self":[{"href":"https:\/\/quepocamadre.com\/index.php?rest_route=\/wp\/v2\/posts\/57501","targetHints":{"allow":["GET"]}}],"collection":[{"href":"https:\/\/quepocamadre.com\/index.php?rest_route=\/wp\/v2\/posts"}],"about":[{"href":"https:\/\/quepocamadre.com\/index.php?rest_route=\/wp\/v2\/types\/post"}],"author":[{"embeddable":true,"href":"https:\/\/quepocamadre.com\/index.php?rest_route=\/wp\/v2\/users\/1"}],"replies":[{"embeddable":true,"href":"https:\/\/quepocamadre.com\/index.php?rest_route=%2Fwp%2Fv2%2Fcomments&post=57501"}],"version-history":[{"count":1,"href":"https:\/\/quepocamadre.com\/index.php?rest_route=\/wp\/v2\/posts\/57501\/revisions"}],"predecessor-version":[{"id":57506,"href":"https:\/\/quepocamadre.com\/index.php?rest_route=\/wp\/v2\/posts\/57501\/revisions\/57506"}],"wp:featuredmedia":[{"embeddable":true,"href":"https:\/\/quepocamadre.com\/index.php?rest_route=\/wp\/v2\/media\/57505"}],"wp:attachment":[{"href":"https:\/\/quepocamadre.com\/index.php?rest_route=%2Fwp%2Fv2%2Fmedia&parent=57501"}],"wp:term":[{"taxonomy":"category","embeddable":true,"href":"https:\/\/quepocamadre.com\/index.php?rest_route=%2Fwp%2Fv2%2Fcategories&post=57501"},{"taxonomy":"post_tag","embeddable":true,"href":"https:\/\/quepocamadre.com\/index.php?rest_route=%2Fwp%2Fv2%2Ftags&post=57501"}],"curies":[{"name":"wp","href":"https:\/\/api.w.org\/{rel}","templated":true}]}}