{"id":56909,"date":"2025-11-03T09:54:26","date_gmt":"2025-11-03T15:54:26","guid":{"rendered":"https:\/\/quepocamadre.com\/?p=56909"},"modified":"2025-12-03T14:37:02","modified_gmt":"2025-12-03T20:37:02","slug":"lo-dejaron-solo-en-multiples-ocasiones-pidio-ayuda-a-la-presidenta-y-segun-el-nunca-se-la-dieron","status":"publish","type":"post","link":"https:\/\/quepocamadre.com\/?p=56909","title":{"rendered":"\u00a1LO DEJARON SOLO! \u00a1EN M\u00daLTIPLES OCASIONES PIDI\u00d3 AYUDA A LA PRESIDENTA Y SEG\u00daN \u00c9L NUNCA SE LA DIERON!"},"content":{"rendered":"<p>Este fin de semana el alcalde de Uruapan, Carlos Manzo, fue asesinado a balazos la noche de este s\u00e1bado mientras asist\u00eda al tradicional Festival de Velas, en pleno Centro Hist\u00f3rico del municipio.<\/p>\n<p>De acuerdo a lo reportado, el atentado ocurri\u00f3 alrededor de las 20:00 horas, cuando el edil, emanado del movimiento La Sombreriza, conviv\u00eda con ciudadanos y se tomaba fotograf\u00edas junto a unos ni\u00f1os. Fue en ese momento cuando un sujeto armado se aproxim\u00f3 y abri\u00f3 fuego contra el presidente municipal.<\/p>\n<p>Carlos Manzo fue trasladado de emergencia con heridas graves; sin embargo, falleci\u00f3 minutos m\u00e1s tarde debido a la gravedad de los impactos. De acuerdo a lo reportado, escoltas del presidente municipal habr\u00edan abatido a uno de los agresores y sometido a dos m\u00e1s. Un funcionario municipal tambi\u00e9n result\u00f3 herido.<\/p>\n<p><a href=\"https:\/\/quepocamadre.com\/wp-content\/uploads\/2025\/11\/Lo-dejaron-0002.jpg\"><img fetchpriority=\"high\" decoding=\"async\" class=\"aligncenter wp-image-57211 size-full\" src=\"https:\/\/quepocamadre.com\/wp-content\/uploads\/2025\/11\/Lo-dejaron-0002.jpg\" alt=\"\" width=\"1200\" height=\"801\" srcset=\"https:\/\/quepocamadre.com\/wp-content\/uploads\/2025\/11\/Lo-dejaron-0002.jpg 1200w, https:\/\/quepocamadre.com\/wp-content\/uploads\/2025\/11\/Lo-dejaron-0002-300x200.jpg 300w, https:\/\/quepocamadre.com\/wp-content\/uploads\/2025\/11\/Lo-dejaron-0002-1024x684.jpg 1024w, https:\/\/quepocamadre.com\/wp-content\/uploads\/2025\/11\/Lo-dejaron-0002-768x513.jpg 768w\" sizes=\"(max-width: 1200px) 100vw, 1200px\" \/><\/a><\/p>\n<p>Hace unos meses, el alcalde hab\u00eda solicitado de manera urgente el apoyo de la presidenta Claudia Sheinbaum para restablecer el orden y la seguridad en su municipio.<\/p>\n<p>\u201cNo queremos ser solo otro alcalde asesinado que engrose la estad\u00edstica\u201d, se\u00f1alara Carlos Manzo en un video puvlicado en sus redes sociales.<\/p>\n<p>El Gabinete de Seguridad del Gobierno de Michoac\u00e1n confirm\u00f3 el asesinato mediante un comunicado publicado en redes sociales, en el que inform\u00f3 sobre la detenci\u00f3n de dos personas involucradas en los hechos y asegur\u00f3 que este crimen no quedar\u00e1 impune.<\/p>\n<p><a href=\"https:\/\/quepocamadre.com\/wp-content\/uploads\/2025\/11\/LO-DEJARON-02.jpg\"><img decoding=\"async\" class=\"aligncenter wp-image-57212 size-full\" src=\"https:\/\/quepocamadre.com\/wp-content\/uploads\/2025\/11\/LO-DEJARON-02.jpg\" alt=\"\" width=\"1200\" height=\"801\" srcset=\"https:\/\/quepocamadre.com\/wp-content\/uploads\/2025\/11\/LO-DEJARON-02.jpg 1200w, https:\/\/quepocamadre.com\/wp-content\/uploads\/2025\/11\/LO-DEJARON-02-300x200.jpg 300w, https:\/\/quepocamadre.com\/wp-content\/uploads\/2025\/11\/LO-DEJARON-02-1024x684.jpg 1024w, https:\/\/quepocamadre.com\/wp-content\/uploads\/2025\/11\/LO-DEJARON-02-768x513.jpg 768w\" sizes=\"(max-width: 1200px) 100vw, 1200px\" \/><\/a><\/p>\n<p>Grecia Quiroz, viuda del alcalde de Uruapan, Carlos Manzo Rodr\u00edguez, llam\u00f3 a los mexicanos a defender la patria \u201ccon u\u00f1as y dientes\u201d, al tiempo de pedir a los padres de familia a corregir el camino de sus hijos para evitar que se sumen a las filas del crimen organizado.<\/p>\n<p>Ante el f\u00e9retro de su esposo y en la plaza principal de Uruapan, Grecia Quiroz advirti\u00f3 que Carlos Manzo hubiera sido el mejor presidente de M\u00e9xico, por lo que llam\u00f3 a los mexicanos a continuar alzando la voz y seguir la lucha del edil independiente.<\/p>\n<p>Qui\u00e9n no fue bien recibido al presentar sus condolencias fue el gobernador de Michoac\u00e1n, Alfredo Ram\u00edrez Bedolla, qui\u00e9n en medio de abucheos y reclamos lleg\u00f3 al funeral del alcalde de Uruapan, Carlos Manzo.<\/p>\n<p><a href=\"https:\/\/quepocamadre.com\/wp-content\/uploads\/2025\/11\/LO-DEJARON-03.jpg\"><img decoding=\"async\" class=\"aligncenter wp-image-57213 size-full\" src=\"https:\/\/quepocamadre.com\/wp-content\/uploads\/2025\/11\/LO-DEJARON-03.jpg\" alt=\"\" width=\"1200\" height=\"801\" srcset=\"https:\/\/quepocamadre.com\/wp-content\/uploads\/2025\/11\/LO-DEJARON-03.jpg 1200w, https:\/\/quepocamadre.com\/wp-content\/uploads\/2025\/11\/LO-DEJARON-03-300x200.jpg 300w, https:\/\/quepocamadre.com\/wp-content\/uploads\/2025\/11\/LO-DEJARON-03-1024x684.jpg 1024w, https:\/\/quepocamadre.com\/wp-content\/uploads\/2025\/11\/LO-DEJARON-03-768x513.jpg 768w\" sizes=\"(max-width: 1200px) 100vw, 1200px\" \/><\/a><\/p>\n<p>Medios locales captaron el momento en que personas afuera del inmueble lanzaron rechiflas y gritaban \u201c\u00a1Fuera, asesino!\u201d.<\/p>\n<p>Los ciudadanos se juntaron a la entrada de la casa y ped\u00edan evitar el ingreso del gobernador. Al final se abri\u00f3 paso e ingres\u00f3 junto a un grupo de personas.<\/p>\n<p>A su salida, las personas tambi\u00e9n lo esperaban y lo corrieron tambi\u00e9n entre gritos como \u201c\u00bfpor qu\u00e9 huyes?\u201d, \u201cdelincuente\u201d, \u201cfuera\u201d, &#8220;hip\u00f3crita&#8221;.<\/p>\n<p><a href=\"https:\/\/quepocamadre.com\/wp-content\/uploads\/2025\/11\/LO-DEJARON-04.jpg\"><img loading=\"lazy\" decoding=\"async\" class=\"aligncenter wp-image-57214 size-full\" src=\"https:\/\/quepocamadre.com\/wp-content\/uploads\/2025\/11\/LO-DEJARON-04.jpg\" alt=\"\" width=\"1200\" height=\"801\" srcset=\"https:\/\/quepocamadre.com\/wp-content\/uploads\/2025\/11\/LO-DEJARON-04.jpg 1200w, https:\/\/quepocamadre.com\/wp-content\/uploads\/2025\/11\/LO-DEJARON-04-300x200.jpg 300w, https:\/\/quepocamadre.com\/wp-content\/uploads\/2025\/11\/LO-DEJARON-04-1024x684.jpg 1024w, https:\/\/quepocamadre.com\/wp-content\/uploads\/2025\/11\/LO-DEJARON-04-768x513.jpg 768w\" sizes=\"(max-width: 1200px) 100vw, 1200px\" \/><\/a><\/p>\n<p>Pero las manifestaciones de inconformidad no quedaron all\u00ed, cientos de habitantes al acompa\u00f1ar la carroza f\u00fanebre gritaban diferentes consignas.<\/p>\n<p>&#8220;\u00a1Fuera Claudia! \u00a1Claudia asesina! \u00a1Fuera Morena!\u201d, son algunas de las frases que los uruapenses han gritado de forma uniforme durante el acompa\u00f1amiento del cuerpo de Manzo Rodr\u00edguez.<\/p>\n<p>Durante la marcha tambi\u00e9n se\u00f1alaron &#8220;Carlos no muri\u00f3, el Estado lo mat\u00f3!&#8221;, reiteraron m\u00e1s de 10 mil uruapenses al manifestarse tras el asesinato del alcalde independiente de Uruapan, Carlos Manzo Rodr\u00edguez.<\/p>\n<p><a href=\"https:\/\/quepocamadre.com\/wp-content\/uploads\/2025\/11\/LO-DEJARON0.jpg\"><img loading=\"lazy\" decoding=\"async\" class=\"aligncenter wp-image-57215 size-full\" src=\"https:\/\/quepocamadre.com\/wp-content\/uploads\/2025\/11\/LO-DEJARON0.jpg\" alt=\"\" width=\"1200\" height=\"801\" srcset=\"https:\/\/quepocamadre.com\/wp-content\/uploads\/2025\/11\/LO-DEJARON0.jpg 1200w, https:\/\/quepocamadre.com\/wp-content\/uploads\/2025\/11\/LO-DEJARON0-300x200.jpg 300w, https:\/\/quepocamadre.com\/wp-content\/uploads\/2025\/11\/LO-DEJARON0-1024x684.jpg 1024w, https:\/\/quepocamadre.com\/wp-content\/uploads\/2025\/11\/LO-DEJARON0-768x513.jpg 768w\" sizes=\"(max-width: 1200px) 100vw, 1200px\" \/><\/a><\/p>\n","protected":false},"excerpt":{"rendered":"<p>Este fin de semana el alcalde de Uruapan, Carlos Manzo, fue asesinado a balazos la noche de este s\u00e1bado mientras asist\u00eda al tradicional Festival de Velas, en pleno Centro Hist\u00f3rico del municipio. De acuerdo a lo reportado, el atentado ocurri\u00f3 alrededor de las 20:00 horas, cuando el edil, emanado del movimiento La Sombreriza, conviv\u00eda con [&hellip;]<\/p>\n","protected":false},"author":1,"featured_media":57209,"comment_status":"open","ping_status":"open","sticky":false,"template":"","format":"standard","meta":{"footnotes":""},"categories":[181,124,274],"tags":[],"class_list":["post-56909","post","type-post","status-publish","format-standard","has-post-thumbnail","hentry","category-michoacan","category-nacional","category-portada"],"_links":{"self":[{"href":"https:\/\/quepocamadre.com\/index.php?rest_route=\/wp\/v2\/posts\/56909","targetHints":{"allow":["GET"]}}],"collection":[{"href":"https:\/\/quepocamadre.com\/index.php?rest_route=\/wp\/v2\/posts"}],"about":[{"href":"https:\/\/quepocamadre.com\/index.php?rest_route=\/wp\/v2\/types\/post"}],"author":[{"embeddable":true,"href":"https:\/\/quepocamadre.com\/index.php?rest_route=\/wp\/v2\/users\/1"}],"replies":[{"embeddable":true,"href":"https:\/\/quepocamadre.com\/index.php?rest_route=%2Fwp%2Fv2%2Fcomments&post=56909"}],"version-history":[{"count":3,"href":"https:\/\/quepocamadre.com\/index.php?rest_route=\/wp\/v2\/posts\/56909\/revisions"}],"predecessor-version":[{"id":57216,"href":"https:\/\/quepocamadre.com\/index.php?rest_route=\/wp\/v2\/posts\/56909\/revisions\/57216"}],"wp:featuredmedia":[{"embeddable":true,"href":"https:\/\/quepocamadre.com\/index.php?rest_route=\/wp\/v2\/media\/57209"}],"wp:attachment":[{"href":"https:\/\/quepocamadre.com\/index.php?rest_route=%2Fwp%2Fv2%2Fmedia&parent=56909"}],"wp:term":[{"taxonomy":"category","embeddable":true,"href":"https:\/\/quepocamadre.com\/index.php?rest_route=%2Fwp%2Fv2%2Fcategories&post=56909"},{"taxonomy":"post_tag","embeddable":true,"href":"https:\/\/quepocamadre.com\/index.php?rest_route=%2Fwp%2Fv2%2Ftags&post=56909"}],"curies":[{"name":"wp","href":"https:\/\/api.w.org\/{rel}","templated":true}]}}