{"id":56881,"date":"2025-11-03T09:44:44","date_gmt":"2025-11-03T15:44:44","guid":{"rendered":"https:\/\/quepocamadre.com\/?p=56881"},"modified":"2025-12-03T14:37:04","modified_gmt":"2025-12-03T20:37:04","slug":"fue-culpa-de-un-corto-circuito-incendio-en-waldos-dejo-23-muertos","status":"publish","type":"post","link":"https:\/\/quepocamadre.com\/?p=56881","title":{"rendered":"\u00a1FUE CULPA DE UN CORTO CIRCUITO! INCENDIO EN WALDO&#8217;S DEJ\u00d3 23 MUERTOS"},"content":{"rendered":"<p>Una fuerte explosi\u00f3n seguida de un incendio consumi\u00f3 una tienda Waldo&#8217;s en el centro de Hermosillo, dejando varias personas fallecidas, incluyendo menores, y cuantiosos da\u00f1os materiales. Autoridades activaron protocolos de emergencia y contin\u00faan con los peritajes.<\/p>\n<p>El incidente ocurri\u00f3 en el cruce de las calles Doctor Noriega y Matamoros, una de las zonas m\u00e1s transitadas de la capital sonorense. La explosi\u00f3n inicial provoc\u00f3 un incendio de gran magnitud que r\u00e1pidamente consumi\u00f3 la tienda Waldo&#8217;s, dejando atrapadas a varias personas.<\/p>\n<p>El alcalde Antonio Astiazar\u00e1n Guti\u00e9rrez inform\u00f3 que se activaron los protocolos de emergencia y apoyo a los afectados. Ambos mandatarios coincidieron en la importancia de continuar con las investigaciones para esclarecer las causas del siniestro.<\/p>\n","protected":false},"excerpt":{"rendered":"<p>Una fuerte explosi\u00f3n seguida de un incendio consumi\u00f3 una tienda Waldo&#8217;s en el centro de Hermosillo, dejando varias personas fallecidas, incluyendo menores, y cuantiosos da\u00f1os materiales. Autoridades activaron protocolos de emergencia y contin\u00faan con los peritajes. El incidente ocurri\u00f3 en el cruce de las calles Doctor Noriega y Matamoros, una de las zonas m\u00e1s transitadas [&hellip;]<\/p>\n","protected":false},"author":1,"featured_media":57198,"comment_status":"open","ping_status":"open","sticky":false,"template":"","format":"standard","meta":{"footnotes":""},"categories":[124,138],"tags":[],"class_list":["post-56881","post","type-post","status-publish","format-standard","has-post-thumbnail","hentry","category-nacional","category-sonora"],"_links":{"self":[{"href":"https:\/\/quepocamadre.com\/index.php?rest_route=\/wp\/v2\/posts\/56881","targetHints":{"allow":["GET"]}}],"collection":[{"href":"https:\/\/quepocamadre.com\/index.php?rest_route=\/wp\/v2\/posts"}],"about":[{"href":"https:\/\/quepocamadre.com\/index.php?rest_route=\/wp\/v2\/types\/post"}],"author":[{"embeddable":true,"href":"https:\/\/quepocamadre.com\/index.php?rest_route=\/wp\/v2\/users\/1"}],"replies":[{"embeddable":true,"href":"https:\/\/quepocamadre.com\/index.php?rest_route=%2Fwp%2Fv2%2Fcomments&post=56881"}],"version-history":[{"count":1,"href":"https:\/\/quepocamadre.com\/index.php?rest_route=\/wp\/v2\/posts\/56881\/revisions"}],"predecessor-version":[{"id":56886,"href":"https:\/\/quepocamadre.com\/index.php?rest_route=\/wp\/v2\/posts\/56881\/revisions\/56886"}],"wp:featuredmedia":[{"embeddable":true,"href":"https:\/\/quepocamadre.com\/index.php?rest_route=\/wp\/v2\/media\/57198"}],"wp:attachment":[{"href":"https:\/\/quepocamadre.com\/index.php?rest_route=%2Fwp%2Fv2%2Fmedia&parent=56881"}],"wp:term":[{"taxonomy":"category","embeddable":true,"href":"https:\/\/quepocamadre.com\/index.php?rest_route=%2Fwp%2Fv2%2Fcategories&post=56881"},{"taxonomy":"post_tag","embeddable":true,"href":"https:\/\/quepocamadre.com\/index.php?rest_route=%2Fwp%2Fv2%2Ftags&post=56881"}],"curies":[{"name":"wp","href":"https:\/\/api.w.org\/{rel}","templated":true}]}}