{"id":56824,"date":"2025-10-31T08:45:09","date_gmt":"2025-10-31T14:45:09","guid":{"rendered":"https:\/\/quepocamadre.com\/?p=56824"},"modified":"2025-12-03T14:37:06","modified_gmt":"2025-12-03T20:37:06","slug":"duro-golpe-a-los-gigios-cae-el-tomate-objetivo-prioritario-en-nogales-sonora","status":"publish","type":"post","link":"https:\/\/quepocamadre.com\/?p=56824","title":{"rendered":"\u00a1DURO GOLPE A LOS GIGIOS! CAE &#8220;EL TOMATE&#8221;, OBJETIVO PRIORITARIO EN NOGALES, SONORA"},"content":{"rendered":"<p>Las autoridades federales y estatales asestaron un golpe contundente a la delincuencia organizada con la captura de Mart\u00edn Jes\u00fas &#8220;N&#8221;, alias &#8220;El Tomate&#8221;, identificado como un objetivo prioritario y miembro clave del temido grupo criminal &#8220;Los Gigios&#8221;.<\/p>\n<p>El secretario de Seguridad P\u00fablica Federal, Omar Garc\u00eda Harfuch, confirm\u00f3 la detenci\u00f3n esta ma\u00f1ana de jueves en Nogales, Sonora. La operaci\u00f3n fue un \u00e9xito, encabezada por la Fiscal\u00eda General de Justicia del Estado de Sonora y la Secretar\u00eda de Marina.<\/p>\n<p>&#8220;El Tomate&#8221; est\u00e1 directamente relacionado con delitos graves como secuestro y delincuencia organizada, por lo que ya contaba con una orden de aprehensi\u00f3n. \u00a1Con esta captura se espera un duro rev\u00e9s a las operaciones de la banda en la regi\u00f3n!<\/p>\n","protected":false},"excerpt":{"rendered":"<p>Las autoridades federales y estatales asestaron un golpe contundente a la delincuencia organizada con la captura de Mart\u00edn Jes\u00fas &#8220;N&#8221;, alias &#8220;El Tomate&#8221;, identificado como un objetivo prioritario y miembro clave del temido grupo criminal &#8220;Los Gigios&#8221;. El secretario de Seguridad P\u00fablica Federal, Omar Garc\u00eda Harfuch, confirm\u00f3 la detenci\u00f3n esta ma\u00f1ana de jueves en Nogales, [&hellip;]<\/p>\n","protected":false},"author":1,"featured_media":57232,"comment_status":"open","ping_status":"open","sticky":false,"template":"","format":"standard","meta":{"footnotes":""},"categories":[124,138],"tags":[],"class_list":["post-56824","post","type-post","status-publish","format-standard","has-post-thumbnail","hentry","category-nacional","category-sonora"],"_links":{"self":[{"href":"https:\/\/quepocamadre.com\/index.php?rest_route=\/wp\/v2\/posts\/56824","targetHints":{"allow":["GET"]}}],"collection":[{"href":"https:\/\/quepocamadre.com\/index.php?rest_route=\/wp\/v2\/posts"}],"about":[{"href":"https:\/\/quepocamadre.com\/index.php?rest_route=\/wp\/v2\/types\/post"}],"author":[{"embeddable":true,"href":"https:\/\/quepocamadre.com\/index.php?rest_route=\/wp\/v2\/users\/1"}],"replies":[{"embeddable":true,"href":"https:\/\/quepocamadre.com\/index.php?rest_route=%2Fwp%2Fv2%2Fcomments&post=56824"}],"version-history":[{"count":1,"href":"https:\/\/quepocamadre.com\/index.php?rest_route=\/wp\/v2\/posts\/56824\/revisions"}],"predecessor-version":[{"id":56829,"href":"https:\/\/quepocamadre.com\/index.php?rest_route=\/wp\/v2\/posts\/56824\/revisions\/56829"}],"wp:featuredmedia":[{"embeddable":true,"href":"https:\/\/quepocamadre.com\/index.php?rest_route=\/wp\/v2\/media\/57232"}],"wp:attachment":[{"href":"https:\/\/quepocamadre.com\/index.php?rest_route=%2Fwp%2Fv2%2Fmedia&parent=56824"}],"wp:term":[{"taxonomy":"category","embeddable":true,"href":"https:\/\/quepocamadre.com\/index.php?rest_route=%2Fwp%2Fv2%2Fcategories&post=56824"},{"taxonomy":"post_tag","embeddable":true,"href":"https:\/\/quepocamadre.com\/index.php?rest_route=%2Fwp%2Fv2%2Ftags&post=56824"}],"curies":[{"name":"wp","href":"https:\/\/api.w.org\/{rel}","templated":true}]}}