{"id":56607,"date":"2025-10-27T13:57:14","date_gmt":"2025-10-27T19:57:14","guid":{"rendered":"https:\/\/quepocamadre.com\/?p=56607"},"modified":"2025-12-03T14:37:16","modified_gmt":"2025-12-03T20:37:16","slug":"detenienen-a-presunto-responsable-de-doble-homicidio-en-iztapalapa","status":"publish","type":"post","link":"https:\/\/quepocamadre.com\/?p=56607","title":{"rendered":"DETENIENEN A PRESUNTO RESPONSABLE DE DOBLE HOMICIDIO EN IZTAPALAPA"},"content":{"rendered":"<p data-start=\"226\" data-end=\"472\">Elementos de la Secretar\u00eda de Seguridad Ciudadana (SSC) de la Ciudad de M\u00e9xico detuvieron a un hombre presuntamente implicado en una agresi\u00f3n armada que dej\u00f3 dos personas sin vida en la colonia <em data-start=\"428\" data-end=\"444\">San Juan Cerro<\/em>, alcald\u00eda Iztapalapa.<\/p>\n<p data-start=\"474\" data-end=\"735\">De acuerdo con el reporte, operadores del C2 Oriente alertaron a los polic\u00edas sobre disparos en la esquina de Cerrada de Iridium y Chocol\u00edn. Al llegar, encontraron a dos hombres de 24 y 30 a\u00f1os de edad sin signos vitales, con heridas de arma de fuego.<\/p>\n<p data-start=\"737\" data-end=\"1058\">Testigos informaron que, durante una fiesta, dos sujetos a bordo de una motocicleta verde se acercaron y dispararon directamente contra las v\u00edctimas antes de huir. Gracias al an\u00e1lisis de c\u00e1maras de videovigilancia, los oficiales ubicaron al posible agresor en la Privada Germanio, donde intentaba cambiarse de ropa.<\/p>\n<p data-start=\"1060\" data-end=\"1391\">Durante su detenci\u00f3n, se le aseguraron una bolsa con hierba verde con caracter\u00edsticas de marihuana, un casco, dos sudaderas, un pantal\u00f3n de mezclilla y la motocicleta usada en la huida. El detenido, de 39 a\u00f1os, fue puesto a disposici\u00f3n del Ministerio P\u00fablico, quien continuar\u00e1 con las investigaciones.<\/p>\n<p data-start=\"1393\" data-end=\"1557\">Fuentes policiales confirmaron que el hombre cuenta con un antecedente por robo, registrado en el a\u00f1o 2025 en el Sistema Penitenciario de la Ciudad de M\u00e9xico.<\/p>\n<p data-start=\"1393\" data-end=\"1557\"><a href=\"https:\/\/quepocamadre.com\/?attachment_id=56608\" rel=\"attachment wp-att-56608\"><img fetchpriority=\"high\" decoding=\"async\" class=\"alignnone size-full wp-image-56608\" src=\"https:\/\/quepocamadre.com\/wp-content\/uploads\/2025\/10\/QPM-RECTANGULAR-69.png\" alt=\"\" width=\"1920\" height=\"1080\" srcset=\"https:\/\/quepocamadre.com\/wp-content\/uploads\/2025\/10\/QPM-RECTANGULAR-69.png 1920w, https:\/\/quepocamadre.com\/wp-content\/uploads\/2025\/10\/QPM-RECTANGULAR-69-300x169.png 300w, https:\/\/quepocamadre.com\/wp-content\/uploads\/2025\/10\/QPM-RECTANGULAR-69-1024x576.png 1024w, https:\/\/quepocamadre.com\/wp-content\/uploads\/2025\/10\/QPM-RECTANGULAR-69-768x432.png 768w, https:\/\/quepocamadre.com\/wp-content\/uploads\/2025\/10\/QPM-RECTANGULAR-69-1536x864.png 1536w\" sizes=\"(max-width: 1920px) 100vw, 1920px\" \/><\/a> <a href=\"https:\/\/quepocamadre.com\/?attachment_id=56609\" rel=\"attachment wp-att-56609\"><img decoding=\"async\" class=\"alignnone size-full wp-image-56609\" src=\"https:\/\/quepocamadre.com\/wp-content\/uploads\/2025\/10\/QPM-RECTANGULAR-68.png\" alt=\"\" width=\"1920\" height=\"1080\" srcset=\"https:\/\/quepocamadre.com\/wp-content\/uploads\/2025\/10\/QPM-RECTANGULAR-68.png 1920w, https:\/\/quepocamadre.com\/wp-content\/uploads\/2025\/10\/QPM-RECTANGULAR-68-300x169.png 300w, https:\/\/quepocamadre.com\/wp-content\/uploads\/2025\/10\/QPM-RECTANGULAR-68-1024x576.png 1024w, https:\/\/quepocamadre.com\/wp-content\/uploads\/2025\/10\/QPM-RECTANGULAR-68-768x432.png 768w, https:\/\/quepocamadre.com\/wp-content\/uploads\/2025\/10\/QPM-RECTANGULAR-68-1536x864.png 1536w\" sizes=\"(max-width: 1920px) 100vw, 1920px\" \/><\/a><\/p>\n","protected":false},"excerpt":{"rendered":"<p>Elementos de la Secretar\u00eda de Seguridad Ciudadana (SSC) de la Ciudad de M\u00e9xico detuvieron a un hombre presuntamente implicado en una agresi\u00f3n armada que dej\u00f3 dos personas sin vida en la colonia San Juan Cerro, alcald\u00eda Iztapalapa. De acuerdo con el reporte, operadores del C2 Oriente alertaron a los polic\u00edas sobre disparos en la esquina [&hellip;]<\/p>\n","protected":false},"author":12,"featured_media":56610,"comment_status":"open","ping_status":"open","sticky":false,"template":"","format":"standard","meta":{"footnotes":""},"categories":[123],"tags":[],"class_list":["post-56607","post","type-post","status-publish","format-standard","has-post-thumbnail","hentry","category-cdmx"],"_links":{"self":[{"href":"https:\/\/quepocamadre.com\/index.php?rest_route=\/wp\/v2\/posts\/56607","targetHints":{"allow":["GET"]}}],"collection":[{"href":"https:\/\/quepocamadre.com\/index.php?rest_route=\/wp\/v2\/posts"}],"about":[{"href":"https:\/\/quepocamadre.com\/index.php?rest_route=\/wp\/v2\/types\/post"}],"author":[{"embeddable":true,"href":"https:\/\/quepocamadre.com\/index.php?rest_route=\/wp\/v2\/users\/12"}],"replies":[{"embeddable":true,"href":"https:\/\/quepocamadre.com\/index.php?rest_route=%2Fwp%2Fv2%2Fcomments&post=56607"}],"version-history":[{"count":1,"href":"https:\/\/quepocamadre.com\/index.php?rest_route=\/wp\/v2\/posts\/56607\/revisions"}],"predecessor-version":[{"id":56611,"href":"https:\/\/quepocamadre.com\/index.php?rest_route=\/wp\/v2\/posts\/56607\/revisions\/56611"}],"wp:featuredmedia":[{"embeddable":true,"href":"https:\/\/quepocamadre.com\/index.php?rest_route=\/wp\/v2\/media\/56610"}],"wp:attachment":[{"href":"https:\/\/quepocamadre.com\/index.php?rest_route=%2Fwp%2Fv2%2Fmedia&parent=56607"}],"wp:term":[{"taxonomy":"category","embeddable":true,"href":"https:\/\/quepocamadre.com\/index.php?rest_route=%2Fwp%2Fv2%2Fcategories&post=56607"},{"taxonomy":"post_tag","embeddable":true,"href":"https:\/\/quepocamadre.com\/index.php?rest_route=%2Fwp%2Fv2%2Ftags&post=56607"}],"curies":[{"name":"wp","href":"https:\/\/api.w.org\/{rel}","templated":true}]}}