{"id":56447,"date":"2025-10-23T08:46:08","date_gmt":"2025-10-23T14:46:08","guid":{"rendered":"https:\/\/quepocamadre.com\/?p=56447"},"modified":"2025-12-03T14:37:21","modified_gmt":"2025-12-03T20:37:21","slug":"detienen-a-presunto-involucrado-en-caso-de-violacion-en-universidad-de-san-luis-potosi","status":"publish","type":"post","link":"https:\/\/quepocamadre.com\/?p=56447","title":{"rendered":"DETIENEN A PRESUNTO INVOLUCRADO EN CASO DE VIOLACI\u00d3N EN UNIVERSIDAD DE SAN LUIS POTOS\u00cd"},"content":{"rendered":"<p>La Fiscal\u00eda General del Estado de San Luis Potos\u00ed (FGESLP) confirm\u00f3 la detenci\u00f3n de Santiago \u201cN.\u201d, uno de los presuntos implicados en el caso de violaci\u00f3n ocurrido en un plantel universitario de la capital potosina, hecho que ha conmovido a la comunidad acad\u00e9mica y social del estado.<\/p>\n<p>De acuerdo con la informaci\u00f3n oficial, los dem\u00e1s acusados ya fueron plenamente identificados y las investigaciones contin\u00faan con pleno compromiso de la Fiscal\u00eda para garantizar justicia a la v\u00edctima. A trav\u00e9s de un comunicado, el Gobierno de San Luis Potos\u00ed expres\u00f3 su respaldo total a la persona denunciante, a su familia y a la comunidad universitaria, reafirmando que \u201cno est\u00e1n solos en esta lucha por la justicia\u201d.<\/p>\n","protected":false},"excerpt":{"rendered":"<p>La Fiscal\u00eda General del Estado de San Luis Potos\u00ed (FGESLP) confirm\u00f3 la detenci\u00f3n de Santiago \u201cN.\u201d, uno de los presuntos implicados en el caso de violaci\u00f3n ocurrido en un plantel universitario de la capital potosina, hecho que ha conmovido a la comunidad acad\u00e9mica y social del estado. De acuerdo con la informaci\u00f3n oficial, los dem\u00e1s [&hellip;]<\/p>\n","protected":false},"author":1,"featured_media":56451,"comment_status":"open","ping_status":"open","sticky":false,"template":"","format":"standard","meta":{"footnotes":""},"categories":[124,143],"tags":[],"class_list":["post-56447","post","type-post","status-publish","format-standard","has-post-thumbnail","hentry","category-nacional","category-san-luis-potosi-nacional"],"_links":{"self":[{"href":"https:\/\/quepocamadre.com\/index.php?rest_route=\/wp\/v2\/posts\/56447","targetHints":{"allow":["GET"]}}],"collection":[{"href":"https:\/\/quepocamadre.com\/index.php?rest_route=\/wp\/v2\/posts"}],"about":[{"href":"https:\/\/quepocamadre.com\/index.php?rest_route=\/wp\/v2\/types\/post"}],"author":[{"embeddable":true,"href":"https:\/\/quepocamadre.com\/index.php?rest_route=\/wp\/v2\/users\/1"}],"replies":[{"embeddable":true,"href":"https:\/\/quepocamadre.com\/index.php?rest_route=%2Fwp%2Fv2%2Fcomments&post=56447"}],"version-history":[{"count":1,"href":"https:\/\/quepocamadre.com\/index.php?rest_route=\/wp\/v2\/posts\/56447\/revisions"}],"predecessor-version":[{"id":56452,"href":"https:\/\/quepocamadre.com\/index.php?rest_route=\/wp\/v2\/posts\/56447\/revisions\/56452"}],"wp:featuredmedia":[{"embeddable":true,"href":"https:\/\/quepocamadre.com\/index.php?rest_route=\/wp\/v2\/media\/56451"}],"wp:attachment":[{"href":"https:\/\/quepocamadre.com\/index.php?rest_route=%2Fwp%2Fv2%2Fmedia&parent=56447"}],"wp:term":[{"taxonomy":"category","embeddable":true,"href":"https:\/\/quepocamadre.com\/index.php?rest_route=%2Fwp%2Fv2%2Fcategories&post=56447"},{"taxonomy":"post_tag","embeddable":true,"href":"https:\/\/quepocamadre.com\/index.php?rest_route=%2Fwp%2Fv2%2Ftags&post=56447"}],"curies":[{"name":"wp","href":"https:\/\/api.w.org\/{rel}","templated":true}]}}