{"id":56255,"date":"2025-10-20T08:39:48","date_gmt":"2025-10-20T14:39:48","guid":{"rendered":"https:\/\/quepocamadre.com\/?p=56255"},"modified":"2025-12-03T14:37:30","modified_gmt":"2025-12-03T20:37:30","slug":"se-prende-arde-camion-en-tultepec","status":"publish","type":"post","link":"https:\/\/quepocamadre.com\/?p=56255","title":{"rendered":"\u00a1SE PRENDE! ARDE CAMI\u00d3N EN TULTEPEC"},"content":{"rendered":"<p>Una unidad de transporte p\u00fablico se incendi\u00f3 mientras circulaba por la calle Justo Sierra, en Teyahualco, Tultepec. La unidad, aparentemente vac\u00eda, comenz\u00f3 a incendiarse por lo que vecinos solicitaron la intervenci\u00f3n de los servicios de emergencia.<\/p>\n<p>Personal de Protecci\u00f3n Civil y Bomberos de Tultepec trabaj\u00f3 para controlar el siniestro. Tras una hora de labores, el fuego fue sofocado, no se reportaron personas lesionadas.<\/p>\n","protected":false},"excerpt":{"rendered":"<p>Una unidad de transporte p\u00fablico se incendi\u00f3 mientras circulaba por la calle Justo Sierra, en Teyahualco, Tultepec. La unidad, aparentemente vac\u00eda, comenz\u00f3 a incendiarse por lo que vecinos solicitaron la intervenci\u00f3n de los servicios de emergencia. Personal de Protecci\u00f3n Civil y Bomberos de Tultepec trabaj\u00f3 para controlar el siniestro. Tras una hora de labores, el [&hellip;]<\/p>\n","protected":false},"author":1,"featured_media":56259,"comment_status":"open","ping_status":"open","sticky":false,"template":"","format":"standard","meta":{"footnotes":""},"categories":[102,252],"tags":[],"class_list":["post-56255","post","type-post","status-publish","format-standard","has-post-thumbnail","hentry","category-edomex","category-tultepec"],"_links":{"self":[{"href":"https:\/\/quepocamadre.com\/index.php?rest_route=\/wp\/v2\/posts\/56255","targetHints":{"allow":["GET"]}}],"collection":[{"href":"https:\/\/quepocamadre.com\/index.php?rest_route=\/wp\/v2\/posts"}],"about":[{"href":"https:\/\/quepocamadre.com\/index.php?rest_route=\/wp\/v2\/types\/post"}],"author":[{"embeddable":true,"href":"https:\/\/quepocamadre.com\/index.php?rest_route=\/wp\/v2\/users\/1"}],"replies":[{"embeddable":true,"href":"https:\/\/quepocamadre.com\/index.php?rest_route=%2Fwp%2Fv2%2Fcomments&post=56255"}],"version-history":[{"count":1,"href":"https:\/\/quepocamadre.com\/index.php?rest_route=\/wp\/v2\/posts\/56255\/revisions"}],"predecessor-version":[{"id":56260,"href":"https:\/\/quepocamadre.com\/index.php?rest_route=\/wp\/v2\/posts\/56255\/revisions\/56260"}],"wp:featuredmedia":[{"embeddable":true,"href":"https:\/\/quepocamadre.com\/index.php?rest_route=\/wp\/v2\/media\/56259"}],"wp:attachment":[{"href":"https:\/\/quepocamadre.com\/index.php?rest_route=%2Fwp%2Fv2%2Fmedia&parent=56255"}],"wp:term":[{"taxonomy":"category","embeddable":true,"href":"https:\/\/quepocamadre.com\/index.php?rest_route=%2Fwp%2Fv2%2Fcategories&post=56255"},{"taxonomy":"post_tag","embeddable":true,"href":"https:\/\/quepocamadre.com\/index.php?rest_route=%2Fwp%2Fv2%2Ftags&post=56255"}],"curies":[{"name":"wp","href":"https:\/\/api.w.org\/{rel}","templated":true}]}}