{"id":56198,"date":"2025-10-17T08:25:05","date_gmt":"2025-10-17T14:25:05","guid":{"rendered":"https:\/\/quepocamadre.com\/?p=56198"},"modified":"2025-12-03T14:36:17","modified_gmt":"2025-12-03T20:36:17","slug":"rescatan-a-perritos-victimas-de-abandono-y-maltrato-en-merida-uno-ya-hasta-muerto-estaba","status":"publish","type":"post","link":"https:\/\/quepocamadre.com\/?p=56198","title":{"rendered":"RESCATAN A PERRITOS V\u00cdCTIMAS DE ABANDONO Y MALTRATO EN M\u00c9RIDA; UNO YA HASTA MUERTO ESTABA"},"content":{"rendered":"<p>Un nuevo caso de abandono y maltrato animal ha causado indignaci\u00f3n en M\u00e9rida, Yucat\u00e1n, luego de que m\u00e1s de seis perros fueran hallados encerrados, sin alimento y en estado cr\u00edtico de salud en un predio ubicado en la calle 53 de Ciudad Caucel.<\/p>\n<p>De acuerdo con la denuncia ciudadana, uno de los animales fue encontrado sin vida, presuntamente tras permanecer varios d\u00edas encerrado en una habitaci\u00f3n del inmueble. Vecinos se\u00f1alaron que los canes llevaban m\u00e1s de un mes sin comida ni atenci\u00f3n, lo que provoc\u00f3 su deterioro f\u00edsico y emocional.<\/p>\n","protected":false},"excerpt":{"rendered":"<p>Un nuevo caso de abandono y maltrato animal ha causado indignaci\u00f3n en M\u00e9rida, Yucat\u00e1n, luego de que m\u00e1s de seis perros fueran hallados encerrados, sin alimento y en estado cr\u00edtico de salud en un predio ubicado en la calle 53 de Ciudad Caucel. De acuerdo con la denuncia ciudadana, uno de los animales fue encontrado [&hellip;]<\/p>\n","protected":false},"author":1,"featured_media":56202,"comment_status":"open","ping_status":"open","sticky":false,"template":"","format":"standard","meta":{"footnotes":""},"categories":[124,175],"tags":[],"class_list":["post-56198","post","type-post","status-publish","format-standard","has-post-thumbnail","hentry","category-nacional","category-yucatan"],"_links":{"self":[{"href":"https:\/\/quepocamadre.com\/index.php?rest_route=\/wp\/v2\/posts\/56198","targetHints":{"allow":["GET"]}}],"collection":[{"href":"https:\/\/quepocamadre.com\/index.php?rest_route=\/wp\/v2\/posts"}],"about":[{"href":"https:\/\/quepocamadre.com\/index.php?rest_route=\/wp\/v2\/types\/post"}],"author":[{"embeddable":true,"href":"https:\/\/quepocamadre.com\/index.php?rest_route=\/wp\/v2\/users\/1"}],"replies":[{"embeddable":true,"href":"https:\/\/quepocamadre.com\/index.php?rest_route=%2Fwp%2Fv2%2Fcomments&post=56198"}],"version-history":[{"count":1,"href":"https:\/\/quepocamadre.com\/index.php?rest_route=\/wp\/v2\/posts\/56198\/revisions"}],"predecessor-version":[{"id":56203,"href":"https:\/\/quepocamadre.com\/index.php?rest_route=\/wp\/v2\/posts\/56198\/revisions\/56203"}],"wp:featuredmedia":[{"embeddable":true,"href":"https:\/\/quepocamadre.com\/index.php?rest_route=\/wp\/v2\/media\/56202"}],"wp:attachment":[{"href":"https:\/\/quepocamadre.com\/index.php?rest_route=%2Fwp%2Fv2%2Fmedia&parent=56198"}],"wp:term":[{"taxonomy":"category","embeddable":true,"href":"https:\/\/quepocamadre.com\/index.php?rest_route=%2Fwp%2Fv2%2Fcategories&post=56198"},{"taxonomy":"post_tag","embeddable":true,"href":"https:\/\/quepocamadre.com\/index.php?rest_route=%2Fwp%2Fv2%2Ftags&post=56198"}],"curies":[{"name":"wp","href":"https:\/\/api.w.org\/{rel}","templated":true}]}}