{"id":56150,"date":"2025-10-16T08:17:57","date_gmt":"2025-10-16T14:17:57","guid":{"rendered":"https:\/\/quepocamadre.com\/?p=56150"},"modified":"2025-12-03T14:36:19","modified_gmt":"2025-12-03T20:36:19","slug":"exregidor-del-prd-muere-atropellado-en-tlalnepantla","status":"publish","type":"post","link":"https:\/\/quepocamadre.com\/?p=56150","title":{"rendered":"EXREGIDOR DEL PRD MUERE ATROPELLADO EN TLALNEPANTLA"},"content":{"rendered":"<p>El ex regidor Jos\u00e9 Luis Cortes Trejo, de extracci\u00f3n perredista, perdi\u00f3 la vida este lunes tras ser atropellado por un cami\u00f3n de suministro en el municipio de Tlalnepantla, Estado de M\u00e9xico.<\/p>\n<p>De acuerdo con los primeros reportes, el incidente ocurri\u00f3 cuando el ex funcionario cruzaba la Avenida Presidente Ju\u00e1rez, en direcci\u00f3n a la zona conocida como \u201cLos Arcos\u201d. Testigos afirmaron que el cami\u00f3n realiz\u00f3 una maniobra en reversa, impact\u00e1ndolo y arroll\u00e1ndolo.<\/p>\n","protected":false},"excerpt":{"rendered":"<p>El ex regidor Jos\u00e9 Luis Cortes Trejo, de extracci\u00f3n perredista, perdi\u00f3 la vida este lunes tras ser atropellado por un cami\u00f3n de suministro en el municipio de Tlalnepantla, Estado de M\u00e9xico. De acuerdo con los primeros reportes, el incidente ocurri\u00f3 cuando el ex funcionario cruzaba la Avenida Presidente Ju\u00e1rez, en direcci\u00f3n a la zona conocida [&hellip;]<\/p>\n","protected":false},"author":1,"featured_media":56154,"comment_status":"open","ping_status":"open","sticky":false,"template":"","format":"standard","meta":{"footnotes":""},"categories":[102,232],"tags":[],"class_list":["post-56150","post","type-post","status-publish","format-standard","has-post-thumbnail","hentry","category-edomex","category-tlalnepantla"],"_links":{"self":[{"href":"https:\/\/quepocamadre.com\/index.php?rest_route=\/wp\/v2\/posts\/56150","targetHints":{"allow":["GET"]}}],"collection":[{"href":"https:\/\/quepocamadre.com\/index.php?rest_route=\/wp\/v2\/posts"}],"about":[{"href":"https:\/\/quepocamadre.com\/index.php?rest_route=\/wp\/v2\/types\/post"}],"author":[{"embeddable":true,"href":"https:\/\/quepocamadre.com\/index.php?rest_route=\/wp\/v2\/users\/1"}],"replies":[{"embeddable":true,"href":"https:\/\/quepocamadre.com\/index.php?rest_route=%2Fwp%2Fv2%2Fcomments&post=56150"}],"version-history":[{"count":1,"href":"https:\/\/quepocamadre.com\/index.php?rest_route=\/wp\/v2\/posts\/56150\/revisions"}],"predecessor-version":[{"id":56155,"href":"https:\/\/quepocamadre.com\/index.php?rest_route=\/wp\/v2\/posts\/56150\/revisions\/56155"}],"wp:featuredmedia":[{"embeddable":true,"href":"https:\/\/quepocamadre.com\/index.php?rest_route=\/wp\/v2\/media\/56154"}],"wp:attachment":[{"href":"https:\/\/quepocamadre.com\/index.php?rest_route=%2Fwp%2Fv2%2Fmedia&parent=56150"}],"wp:term":[{"taxonomy":"category","embeddable":true,"href":"https:\/\/quepocamadre.com\/index.php?rest_route=%2Fwp%2Fv2%2Fcategories&post=56150"},{"taxonomy":"post_tag","embeddable":true,"href":"https:\/\/quepocamadre.com\/index.php?rest_route=%2Fwp%2Fv2%2Ftags&post=56150"}],"curies":[{"name":"wp","href":"https:\/\/api.w.org\/{rel}","templated":true}]}}