{"id":55978,"date":"2025-10-13T08:57:22","date_gmt":"2025-10-13T14:57:22","guid":{"rendered":"https:\/\/quepocamadre.com\/?p=55978"},"modified":"2025-12-03T14:36:26","modified_gmt":"2025-12-03T20:36:26","slug":"detuvieron-en-edomex-a-44-sujetos-senalados-por-robo-de-vehiculo-con-violencia","status":"publish","type":"post","link":"https:\/\/quepocamadre.com\/?p=55978","title":{"rendered":"Detuvieron en Edom\u00e9x a 44 sujetos se\u00f1alados por robo de veh\u00edculo con violencia"},"content":{"rendered":"<p>La FGJEM mediante la estrategia para el combate de robo de veh\u00edculos, permitieron en la \u00faltima semana del mes de septiembre, la detenci\u00f3n de al menos 44 sujetos, 35 ya vinculados a proceso, uno de ellos, considerado objetivo prioritario para esta Instituci\u00f3n.<\/p>\n<p>Mediante la coordinaci\u00f3n de las autoridades federales y estatales, y con diferentes acciones de investigaci\u00f3n se realizar\u00e1n 26 operativos y 10 t\u00e9cnicas de investigaci\u00f3n de cateo, en los que fueron asegurados 6 inmuebles por su posible relaci\u00f3n en actos constitutivos de delitos.<\/p>\n<p>Adem\u00e1s se cumplimentaron 38 \u00f3rdenes de aprehensi\u00f3n por el delito de robo con violencia, y 4 masculinos integrantes de un grupo criminal identificado como \u201cLos Rufles\u201d fueron detenidos en flagrancia.<\/p>\n<p>Como resultado de la coordinaci\u00f3n de las diferentes instituciones de seguridad federal, estatal y municipal, elementos de la FGJEM, de esos 44 detenidos se encuentran 14 integrantes de diversos grupos criminales dedicados al robo de veh\u00edculos con violencia, que operan en diferentes municipios del territorio estatal.<\/p>\n<p>Destaca la detenci\u00f3n de uno de los principales generadores de violencia identificado como Airy Azael \u201cN\u201d, quien operaba en la zona de Cuautitl\u00e1n Izcalli, as\u00ed como Cristopher \u201cN\u201d, Jos\u00e9 Luis \u201cN\u201d, Gabriel \u201cN\u201d, Gonzalo \u201cN\u201d, Jaqueline \u201cN\u201d, Jos\u00e9 \u00c1ngel \u201cN\u201d, Jos\u00e9 Ariel \u201cN\u201d, Jos\u00e9 Mart\u00edn \u201cN\u201d, entre otros.<\/p>\n","protected":false},"excerpt":{"rendered":"<p>La FGJEM mediante la estrategia para el combate de robo de veh\u00edculos, permitieron en la \u00faltima semana del mes de septiembre, la detenci\u00f3n de al menos 44 sujetos, 35 ya vinculados a proceso, uno de ellos, considerado objetivo prioritario para esta Instituci\u00f3n. Mediante la coordinaci\u00f3n de las autoridades federales y estatales, y con diferentes acciones [&hellip;]<\/p>\n","protected":false},"author":1,"featured_media":55982,"comment_status":"open","ping_status":"open","sticky":false,"template":"","format":"standard","meta":{"footnotes":""},"categories":[242,102],"tags":[],"class_list":["post-55978","post","type-post","status-publish","format-standard","has-post-thumbnail","hentry","category-cuautitlan","category-edomex"],"_links":{"self":[{"href":"https:\/\/quepocamadre.com\/index.php?rest_route=\/wp\/v2\/posts\/55978","targetHints":{"allow":["GET"]}}],"collection":[{"href":"https:\/\/quepocamadre.com\/index.php?rest_route=\/wp\/v2\/posts"}],"about":[{"href":"https:\/\/quepocamadre.com\/index.php?rest_route=\/wp\/v2\/types\/post"}],"author":[{"embeddable":true,"href":"https:\/\/quepocamadre.com\/index.php?rest_route=\/wp\/v2\/users\/1"}],"replies":[{"embeddable":true,"href":"https:\/\/quepocamadre.com\/index.php?rest_route=%2Fwp%2Fv2%2Fcomments&post=55978"}],"version-history":[{"count":1,"href":"https:\/\/quepocamadre.com\/index.php?rest_route=\/wp\/v2\/posts\/55978\/revisions"}],"predecessor-version":[{"id":55983,"href":"https:\/\/quepocamadre.com\/index.php?rest_route=\/wp\/v2\/posts\/55978\/revisions\/55983"}],"wp:featuredmedia":[{"embeddable":true,"href":"https:\/\/quepocamadre.com\/index.php?rest_route=\/wp\/v2\/media\/55982"}],"wp:attachment":[{"href":"https:\/\/quepocamadre.com\/index.php?rest_route=%2Fwp%2Fv2%2Fmedia&parent=55978"}],"wp:term":[{"taxonomy":"category","embeddable":true,"href":"https:\/\/quepocamadre.com\/index.php?rest_route=%2Fwp%2Fv2%2Fcategories&post=55978"},{"taxonomy":"post_tag","embeddable":true,"href":"https:\/\/quepocamadre.com\/index.php?rest_route=%2Fwp%2Fv2%2Ftags&post=55978"}],"curies":[{"name":"wp","href":"https:\/\/api.w.org\/{rel}","templated":true}]}}