{"id":55927,"date":"2025-10-10T08:18:59","date_gmt":"2025-10-10T14:18:59","guid":{"rendered":"https:\/\/quepocamadre.com\/?p=55927"},"modified":"2025-12-03T14:05:26","modified_gmt":"2025-12-03T20:05:26","slug":"mejor-me-la-curo-con-una-chela-subira-el-precio-de-los-sueros-en-el-mercado","status":"publish","type":"post","link":"https:\/\/quepocamadre.com\/?p=55927","title":{"rendered":"\u00a1Mejor me la curo con una chela! Subir\u00e1 el precio de los sueros en el mercado"},"content":{"rendered":"<p>Legisladores del Partido Verde Ecologista de M\u00e9xico (PVEM) y del Partido del Trabajo (PT) presentaron en la C\u00e1mara de Diputados una iniciativa para gravar los electrolitos orales comerciales con impuestos como el IVA y el IEPS.<\/p>\n<p>La propuesta busca reclasificar estos productos, actualmente registrados como medicamentos, para que se consideren bebidas saborizadas sujetas a grav\u00e1menes y a sellos de advertencia nutricional.<\/p>\n<p>De acuerdo con los diputados impulsores, muchas marcas de electrolitos orales en M\u00e9xico contienen niveles de az\u00facar comparables a refrescos y se venden de forma masiva en presentaciones saborizadas, sin receta y sin limitaciones m\u00e9dicas.<\/p>\n<p>El diputado Jos\u00e9 Antonio L\u00f3pez Ruiz, del PT, se\u00f1al\u00f3 que algunas f\u00f3rmulas contienen hasta 3.5 % de az\u00facar y que la exenci\u00f3n fiscal que actualmente disfrutan constituye una \u201cdistorsi\u00f3n\u201d frente a otras bebidas industrializadas que s\u00ed pagan impuestos.<\/p>\n<p>La iniciativa propone modificar la Ley del IVA, la Ley del IEPS y la Ley General de Salud para eliminar la tasa cero que se aplica a los electrolitos orales y obligar a sus fabricantes a colocar sellos frontales de advertencia nutricional conforme a la NOM-051.<\/p>\n<p>Los legisladores calculan que esta reforma podr\u00eda generar m\u00e1s de 5,000 millones de pesos anuales en recaudaci\u00f3n.<\/p>\n<p>Los electrolitos orales son soluciones de agua, sales y glucosa que se utilizan desde hace d\u00e9cadas para prevenir y tratar la deshidrataci\u00f3n, especialmente en casos de diarrea, v\u00f3mito, insolaci\u00f3n o ejercicio intenso.<\/p>\n<p>Instituciones m\u00e9dicas como la Cl\u00ednica Mayo recomiendan el uso de sueros de rehidrataci\u00f3n oral en cuadros de deshidrataci\u00f3n leve a moderada, ya que la glucosa facilita la absorci\u00f3n de sodio y agua en el intestino y bajo la supervisi\u00f3n de un m\u00e9dico. En estos contextos, su eficacia est\u00e1 comprobada y su uso es parte de protocolos m\u00e9dicos en todo el mundo.<\/p>\n<p>El debate surge porque, en M\u00e9xico, muchas presentaciones comerciales incluyen az\u00facares a\u00f1adidos, edulcorantes y saborizantes, lo que las acerca m\u00e1s a un producto de consumo masivo que a un medicamento. Para los legisladores, esa diferencia justifica que se elimine la exenci\u00f3n fiscal y se les trate como bebidas azucaradas.<\/p>\n","protected":false},"excerpt":{"rendered":"<p>Legisladores del Partido Verde Ecologista de M\u00e9xico (PVEM) y del Partido del Trabajo (PT) presentaron en la C\u00e1mara de Diputados una iniciativa para gravar los electrolitos orales comerciales con impuestos como el IVA y el IEPS. La propuesta busca reclasificar estos productos, actualmente registrados como medicamentos, para que se consideren bebidas saborizadas sujetas a grav\u00e1menes [&hellip;]<\/p>\n","protected":false},"author":1,"featured_media":58937,"comment_status":"open","ping_status":"open","sticky":false,"template":"","format":"standard","meta":{"footnotes":""},"categories":[124],"tags":[],"class_list":["post-55927","post","type-post","status-publish","format-standard","has-post-thumbnail","hentry","category-nacional"],"_links":{"self":[{"href":"https:\/\/quepocamadre.com\/index.php?rest_route=\/wp\/v2\/posts\/55927","targetHints":{"allow":["GET"]}}],"collection":[{"href":"https:\/\/quepocamadre.com\/index.php?rest_route=\/wp\/v2\/posts"}],"about":[{"href":"https:\/\/quepocamadre.com\/index.php?rest_route=\/wp\/v2\/types\/post"}],"author":[{"embeddable":true,"href":"https:\/\/quepocamadre.com\/index.php?rest_route=\/wp\/v2\/users\/1"}],"replies":[{"embeddable":true,"href":"https:\/\/quepocamadre.com\/index.php?rest_route=%2Fwp%2Fv2%2Fcomments&post=55927"}],"version-history":[{"count":1,"href":"https:\/\/quepocamadre.com\/index.php?rest_route=\/wp\/v2\/posts\/55927\/revisions"}],"predecessor-version":[{"id":55932,"href":"https:\/\/quepocamadre.com\/index.php?rest_route=\/wp\/v2\/posts\/55927\/revisions\/55932"}],"wp:featuredmedia":[{"embeddable":true,"href":"https:\/\/quepocamadre.com\/index.php?rest_route=\/wp\/v2\/media\/58937"}],"wp:attachment":[{"href":"https:\/\/quepocamadre.com\/index.php?rest_route=%2Fwp%2Fv2%2Fmedia&parent=55927"}],"wp:term":[{"taxonomy":"category","embeddable":true,"href":"https:\/\/quepocamadre.com\/index.php?rest_route=%2Fwp%2Fv2%2Fcategories&post=55927"},{"taxonomy":"post_tag","embeddable":true,"href":"https:\/\/quepocamadre.com\/index.php?rest_route=%2Fwp%2Fv2%2Ftags&post=55927"}],"curies":[{"name":"wp","href":"https:\/\/api.w.org\/{rel}","templated":true}]}}