{"id":55915,"date":"2025-10-10T08:15:02","date_gmt":"2025-10-10T14:15:02","guid":{"rendered":"https:\/\/quepocamadre.com\/?p=55915"},"modified":"2025-12-03T14:07:52","modified_gmt":"2025-12-03T20:07:52","slug":"hallan-torso-vinculado-a-extremidades-abandonadas-en-aguascalientes","status":"publish","type":"post","link":"https:\/\/quepocamadre.com\/?p=55915","title":{"rendered":"HALLAN TORSO VINCULADO A EXTREMIDADES ABANDONADAS EN AGUASCALIENTES"},"content":{"rendered":"<p>El torso de una persona, que no apareci\u00f3 durante el hallazgo de brazos y piernas abandonados en dos bolsas negras sobre un camino de terracer\u00eda en la comunidad Emiliano Zapata, Pabell\u00f3n de Arteaga, fue localizado este jueves sobre la prolongaci\u00f3n de la calle Ni\u00e1gara Norte, que conecta con la comunidad Rancho Seco, municipio de Jes\u00fas Mar\u00eda.<\/p>\n<p>El hallazgo ocurri\u00f3 alrededor de las 12:30 horas, muy cerca del campo de b\u00e9isbol \u201cEl Coreano\u201d, donde elementos preventivos previamente acordonaron y resguardaron la zona a la espera de la llegada de la Polic\u00eda de Investigaci\u00f3n.<\/p>\n","protected":false},"excerpt":{"rendered":"<p>El torso de una persona, que no apareci\u00f3 durante el hallazgo de brazos y piernas abandonados en dos bolsas negras sobre un camino de terracer\u00eda en la comunidad Emiliano Zapata, Pabell\u00f3n de Arteaga, fue localizado este jueves sobre la prolongaci\u00f3n de la calle Ni\u00e1gara Norte, que conecta con la comunidad Rancho Seco, municipio de Jes\u00fas [&hellip;]<\/p>\n","protected":false},"author":1,"featured_media":58941,"comment_status":"open","ping_status":"open","sticky":false,"template":"","format":"standard","meta":{"footnotes":""},"categories":[164,124],"tags":[],"class_list":["post-55915","post","type-post","status-publish","format-standard","has-post-thumbnail","hentry","category-aguascalientes","category-nacional"],"_links":{"self":[{"href":"https:\/\/quepocamadre.com\/index.php?rest_route=\/wp\/v2\/posts\/55915","targetHints":{"allow":["GET"]}}],"collection":[{"href":"https:\/\/quepocamadre.com\/index.php?rest_route=\/wp\/v2\/posts"}],"about":[{"href":"https:\/\/quepocamadre.com\/index.php?rest_route=\/wp\/v2\/types\/post"}],"author":[{"embeddable":true,"href":"https:\/\/quepocamadre.com\/index.php?rest_route=\/wp\/v2\/users\/1"}],"replies":[{"embeddable":true,"href":"https:\/\/quepocamadre.com\/index.php?rest_route=%2Fwp%2Fv2%2Fcomments&post=55915"}],"version-history":[{"count":1,"href":"https:\/\/quepocamadre.com\/index.php?rest_route=\/wp\/v2\/posts\/55915\/revisions"}],"predecessor-version":[{"id":55920,"href":"https:\/\/quepocamadre.com\/index.php?rest_route=\/wp\/v2\/posts\/55915\/revisions\/55920"}],"wp:featuredmedia":[{"embeddable":true,"href":"https:\/\/quepocamadre.com\/index.php?rest_route=\/wp\/v2\/media\/58941"}],"wp:attachment":[{"href":"https:\/\/quepocamadre.com\/index.php?rest_route=%2Fwp%2Fv2%2Fmedia&parent=55915"}],"wp:term":[{"taxonomy":"category","embeddable":true,"href":"https:\/\/quepocamadre.com\/index.php?rest_route=%2Fwp%2Fv2%2Fcategories&post=55915"},{"taxonomy":"post_tag","embeddable":true,"href":"https:\/\/quepocamadre.com\/index.php?rest_route=%2Fwp%2Fv2%2Ftags&post=55915"}],"curies":[{"name":"wp","href":"https:\/\/api.w.org\/{rel}","templated":true}]}}