{"id":55861,"date":"2025-10-09T09:19:20","date_gmt":"2025-10-09T15:19:20","guid":{"rendered":"https:\/\/quepocamadre.com\/?p=55861"},"modified":"2025-12-03T14:23:44","modified_gmt":"2025-12-03T20:23:44","slug":"madre-e-hija-fueron-rescatadas-tras-ser-secuestradas-por-un-hombre-en-atlacomulco","status":"publish","type":"post","link":"https:\/\/quepocamadre.com\/?p=55861","title":{"rendered":"Madre e hija fueron rescatadas tras ser secuestradas por un hombre en Atlacomulco"},"content":{"rendered":"<p>Elementos de SSEM rescataron a una mujer y a una menor de edad que fueron privadas de la libertad; en la acci\u00f3n, detuvieron a un hombre como probable responsable.<\/p>\n<p>Tras recibir el 911 una llamada de emergencia donde les notificaron de un posible secuestro en proceso, autoridades se comunicaron con C5, comenzando el rastreo de un hombre que viajaba en un tr\u00e1iler, donde ten\u00eda contra su voluntad a una mujer que amarr\u00f3 a un asiento y a una menor de edad.<\/p>\n<p>Autoridades comenzaron el despliegue del Agrupamiento de Fuerza de Apoyo y Reacci\u00f3n (FAR), y comenzaron la b\u00fasqueda de la unidad sobre la Carretera Panamericana Acambay-Atlacomulco, en la localidad de Ejido de Bombatev\u00ed, del mismo municipio. Durante los procesos de b\u00fasqueda localizaron un tractocami\u00f3n de la marca Freightliner, color blanco, modelo 2009, acoplado a una caja seca del mismo color, que cumpl\u00eda con caracter\u00edsticas del reporte.<\/p>\n<p>Elementos lograron alcanzar la pesada unidad, pero al solicitarle que se detuviera, conductor de la unidad que circulaba a exceso de velocidad y zigzagueando repentinamente invadi\u00f3 ambos carriles, poniendo en riesgo a los dem\u00e1s conductores.<\/p>\n<p><a href=\"https:\/\/quepocamadre.com\/wp-content\/uploads\/2025\/10\/MADRE-02.jpg\"><img fetchpriority=\"high\" decoding=\"async\" class=\"aligncenter wp-image-58964 size-full\" src=\"https:\/\/quepocamadre.com\/wp-content\/uploads\/2025\/10\/MADRE-02.jpg\" alt=\"\" width=\"1200\" height=\"801\" srcset=\"https:\/\/quepocamadre.com\/wp-content\/uploads\/2025\/10\/MADRE-02.jpg 1200w, https:\/\/quepocamadre.com\/wp-content\/uploads\/2025\/10\/MADRE-02-300x200.jpg 300w, https:\/\/quepocamadre.com\/wp-content\/uploads\/2025\/10\/MADRE-02-1024x684.jpg 1024w, https:\/\/quepocamadre.com\/wp-content\/uploads\/2025\/10\/MADRE-02-768x513.jpg 768w\" sizes=\"(max-width: 1200px) 100vw, 1200px\" \/><\/a><\/p>\n<p>Fue detenido metros adelante, y al realizar la revisi\u00f3n correspondiente, en la cabina del tractocami\u00f3n localizaron a una mujer de aproximadamente 20 a\u00f1os, misma que se encontraba atada de los tobillos con cinta de pl\u00e1stico transparente, en el soporte inferior del asiento del copiloto, con signos visibles de golpes, adem\u00e1s de una menor de edad que dorm\u00eda sobre el camarote de la unidad.<\/p>\n<p>El hombre detenido de nombre Luis \u201cN\u201d de 30 a\u00f1os, a petici\u00f3n de la afectada fue informado del delito que representaba el hecho de privar a una persona de su libertad.<\/p>\n<p>Tanto el detenido, junto con el automotor asegurado, fue presentado ante la Agencia del Ministerio P\u00fablico, con sede en Atlacomulco, donde se inici\u00f3 la carpeta de investigaci\u00f3n, a fin de determinar su situaci\u00f3n jur\u00eddica.<\/p>\n","protected":false},"excerpt":{"rendered":"<p>Elementos de SSEM rescataron a una mujer y a una menor de edad que fueron privadas de la libertad; en la acci\u00f3n, detuvieron a un hombre como probable responsable. Tras recibir el 911 una llamada de emergencia donde les notificaron de un posible secuestro en proceso, autoridades se comunicaron con C5, comenzando el rastreo de [&hellip;]<\/p>\n","protected":false},"author":1,"featured_media":58962,"comment_status":"open","ping_status":"open","sticky":false,"template":"","format":"standard","meta":{"footnotes":""},"categories":[236,102],"tags":[],"class_list":["post-55861","post","type-post","status-publish","format-standard","has-post-thumbnail","hentry","category-atlacomulco","category-edomex"],"_links":{"self":[{"href":"https:\/\/quepocamadre.com\/index.php?rest_route=\/wp\/v2\/posts\/55861","targetHints":{"allow":["GET"]}}],"collection":[{"href":"https:\/\/quepocamadre.com\/index.php?rest_route=\/wp\/v2\/posts"}],"about":[{"href":"https:\/\/quepocamadre.com\/index.php?rest_route=\/wp\/v2\/types\/post"}],"author":[{"embeddable":true,"href":"https:\/\/quepocamadre.com\/index.php?rest_route=\/wp\/v2\/users\/1"}],"replies":[{"embeddable":true,"href":"https:\/\/quepocamadre.com\/index.php?rest_route=%2Fwp%2Fv2%2Fcomments&post=55861"}],"version-history":[{"count":3,"href":"https:\/\/quepocamadre.com\/index.php?rest_route=\/wp\/v2\/posts\/55861\/revisions"}],"predecessor-version":[{"id":58965,"href":"https:\/\/quepocamadre.com\/index.php?rest_route=\/wp\/v2\/posts\/55861\/revisions\/58965"}],"wp:featuredmedia":[{"embeddable":true,"href":"https:\/\/quepocamadre.com\/index.php?rest_route=\/wp\/v2\/media\/58962"}],"wp:attachment":[{"href":"https:\/\/quepocamadre.com\/index.php?rest_route=%2Fwp%2Fv2%2Fmedia&parent=55861"}],"wp:term":[{"taxonomy":"category","embeddable":true,"href":"https:\/\/quepocamadre.com\/index.php?rest_route=%2Fwp%2Fv2%2Fcategories&post=55861"},{"taxonomy":"post_tag","embeddable":true,"href":"https:\/\/quepocamadre.com\/index.php?rest_route=%2Fwp%2Fv2%2Ftags&post=55861"}],"curies":[{"name":"wp","href":"https:\/\/api.w.org\/{rel}","templated":true}]}}