{"id":55791,"date":"2025-10-08T09:01:33","date_gmt":"2025-10-08T15:01:33","guid":{"rendered":"https:\/\/quepocamadre.com\/?p=55791"},"modified":"2025-10-08T09:01:33","modified_gmt":"2025-10-08T15:01:33","slug":"la-guardia-nacional-impacto-a-motociclista-y-lo-mato","status":"publish","type":"post","link":"https:\/\/quepocamadre.com\/?p=55791","title":{"rendered":"LA GUARDIA NACIONAL IMPACT\u00d3 A MOTOCICLISTA Y LO MAT\u00d3"},"content":{"rendered":"<p>En Naucalpan, Estado de M\u00e9xico, dentro del sitio conocido como El Pico y la Pala, una camioneta de la Guardia Nacional que realizaba patrullaje termin\u00f3 impactando a un biker quien tras perder el equilibrio cay\u00f3.<\/p>\n<p>Tras la colisi\u00f3n el hombre sufri\u00f3 un fuerte impacto y golpe en su cabeza, lo que le ocasion\u00f3 la muerte de forma inmediata, tras quedar debajo de un charco de l\u00edquido hem\u00e1tico proveniente de la fractura craneoencef\u00e1lica.<\/p>\n<p>De forma inmediata vecinos de la zona acudieron y exigieron a los elementos nacionales ponerse a disposici\u00f3n de las autoridades.<\/p>\n<p>Elementos de polic\u00eda estatal as\u00ed como de la Fiscal\u00eda mexiquense hicieron su arribo para comenzar c\u00f3mo las indagatorias pertinentes.<\/p>\n","protected":false},"excerpt":{"rendered":"<p>En Naucalpan, Estado de M\u00e9xico, dentro del sitio conocido como El Pico y la Pala, una camioneta de la Guardia Nacional que realizaba patrullaje termin\u00f3 impactando a un biker quien tras perder el equilibrio cay\u00f3. Tras la colisi\u00f3n el hombre sufri\u00f3 un fuerte impacto y golpe en su cabeza, lo que le ocasion\u00f3 la muerte [&hellip;]<\/p>\n","protected":false},"author":1,"featured_media":55795,"comment_status":"open","ping_status":"open","sticky":false,"template":"","format":"standard","meta":{"footnotes":""},"categories":[102,243],"tags":[],"class_list":["post-55791","post","type-post","status-publish","format-standard","has-post-thumbnail","hentry","category-edomex","category-naucalpan"],"_links":{"self":[{"href":"https:\/\/quepocamadre.com\/index.php?rest_route=\/wp\/v2\/posts\/55791","targetHints":{"allow":["GET"]}}],"collection":[{"href":"https:\/\/quepocamadre.com\/index.php?rest_route=\/wp\/v2\/posts"}],"about":[{"href":"https:\/\/quepocamadre.com\/index.php?rest_route=\/wp\/v2\/types\/post"}],"author":[{"embeddable":true,"href":"https:\/\/quepocamadre.com\/index.php?rest_route=\/wp\/v2\/users\/1"}],"replies":[{"embeddable":true,"href":"https:\/\/quepocamadre.com\/index.php?rest_route=%2Fwp%2Fv2%2Fcomments&post=55791"}],"version-history":[{"count":1,"href":"https:\/\/quepocamadre.com\/index.php?rest_route=\/wp\/v2\/posts\/55791\/revisions"}],"predecessor-version":[{"id":55796,"href":"https:\/\/quepocamadre.com\/index.php?rest_route=\/wp\/v2\/posts\/55791\/revisions\/55796"}],"wp:featuredmedia":[{"embeddable":true,"href":"https:\/\/quepocamadre.com\/index.php?rest_route=\/wp\/v2\/media\/55795"}],"wp:attachment":[{"href":"https:\/\/quepocamadre.com\/index.php?rest_route=%2Fwp%2Fv2%2Fmedia&parent=55791"}],"wp:term":[{"taxonomy":"category","embeddable":true,"href":"https:\/\/quepocamadre.com\/index.php?rest_route=%2Fwp%2Fv2%2Fcategories&post=55791"},{"taxonomy":"post_tag","embeddable":true,"href":"https:\/\/quepocamadre.com\/index.php?rest_route=%2Fwp%2Fv2%2Ftags&post=55791"}],"curies":[{"name":"wp","href":"https:\/\/api.w.org\/{rel}","templated":true}]}}