{"id":55733,"date":"2025-10-07T09:27:14","date_gmt":"2025-10-07T15:27:14","guid":{"rendered":"https:\/\/quepocamadre.com\/?p=55733"},"modified":"2025-10-07T09:27:14","modified_gmt":"2025-10-07T15:27:14","slug":"localizan-fosa-clandestina-en-culiacan","status":"publish","type":"post","link":"https:\/\/quepocamadre.com\/?p=55733","title":{"rendered":"LOCALIZAN FOSA CLANDESTINA EN CULIAC\u00c1N"},"content":{"rendered":"<p>Durante una jornada de b\u00fasqueda en la sindicatura de Costa Rica, Culiac\u00e1n, Sinaloa, familiares de Carlos Luis Arroyo Gonz\u00e1lez y Jes\u00fas Ram\u00f3n Mendoza Amador, j\u00f3venes de 23 a\u00f1os desaparecidos desde el 16 de septiembre de 2024, localizaron una fosa clandestina que conten\u00eda restos humanos, incluyendo un cr\u00e1neo, y unas esposas met\u00e1licas.<\/p>\n<p>La b\u00fasqueda fue realizada por el colectivo \u201cEn B\u00fasqueda de Nuestros Desaparecidos de Navolato\u201d, con apoyo de la Polic\u00eda Estatal Preventiva y personal de la Comisi\u00f3n Estatal de B\u00fasqueda de Personas. Tras el hallazgo, se solicit\u00f3 la intervenci\u00f3n de la Fiscal\u00eda General del Estado para asegurar la zona y continuar con las investigaciones.<\/p>\n","protected":false},"excerpt":{"rendered":"<p>Durante una jornada de b\u00fasqueda en la sindicatura de Costa Rica, Culiac\u00e1n, Sinaloa, familiares de Carlos Luis Arroyo Gonz\u00e1lez y Jes\u00fas Ram\u00f3n Mendoza Amador, j\u00f3venes de 23 a\u00f1os desaparecidos desde el 16 de septiembre de 2024, localizaron una fosa clandestina que conten\u00eda restos humanos, incluyendo un cr\u00e1neo, y unas esposas met\u00e1licas. La b\u00fasqueda fue realizada [&hellip;]<\/p>\n","protected":false},"author":1,"featured_media":55737,"comment_status":"open","ping_status":"open","sticky":false,"template":"","format":"standard","meta":{"footnotes":""},"categories":[124,163],"tags":[],"class_list":["post-55733","post","type-post","status-publish","format-standard","has-post-thumbnail","hentry","category-nacional","category-sinaloa"],"_links":{"self":[{"href":"https:\/\/quepocamadre.com\/index.php?rest_route=\/wp\/v2\/posts\/55733","targetHints":{"allow":["GET"]}}],"collection":[{"href":"https:\/\/quepocamadre.com\/index.php?rest_route=\/wp\/v2\/posts"}],"about":[{"href":"https:\/\/quepocamadre.com\/index.php?rest_route=\/wp\/v2\/types\/post"}],"author":[{"embeddable":true,"href":"https:\/\/quepocamadre.com\/index.php?rest_route=\/wp\/v2\/users\/1"}],"replies":[{"embeddable":true,"href":"https:\/\/quepocamadre.com\/index.php?rest_route=%2Fwp%2Fv2%2Fcomments&post=55733"}],"version-history":[{"count":1,"href":"https:\/\/quepocamadre.com\/index.php?rest_route=\/wp\/v2\/posts\/55733\/revisions"}],"predecessor-version":[{"id":55738,"href":"https:\/\/quepocamadre.com\/index.php?rest_route=\/wp\/v2\/posts\/55733\/revisions\/55738"}],"wp:featuredmedia":[{"embeddable":true,"href":"https:\/\/quepocamadre.com\/index.php?rest_route=\/wp\/v2\/media\/55737"}],"wp:attachment":[{"href":"https:\/\/quepocamadre.com\/index.php?rest_route=%2Fwp%2Fv2%2Fmedia&parent=55733"}],"wp:term":[{"taxonomy":"category","embeddable":true,"href":"https:\/\/quepocamadre.com\/index.php?rest_route=%2Fwp%2Fv2%2Fcategories&post=55733"},{"taxonomy":"post_tag","embeddable":true,"href":"https:\/\/quepocamadre.com\/index.php?rest_route=%2Fwp%2Fv2%2Ftags&post=55733"}],"curies":[{"name":"wp","href":"https:\/\/api.w.org\/{rel}","templated":true}]}}