{"id":55356,"date":"2025-09-30T09:29:47","date_gmt":"2025-09-30T15:29:47","guid":{"rendered":"https:\/\/quepocamadre.com\/?p=55356"},"modified":"2025-10-01T03:13:06","modified_gmt":"2025-10-01T09:13:06","slug":"estudiante-es-agredido-por-su-exnovia-en-prepa-de-tlaxcala","status":"publish","type":"post","link":"https:\/\/quepocamadre.com\/?p=55356","title":{"rendered":"ESTUDIANTE ES AGREDIDO POR SU EXNOVIA EN PREPA DE TLAXCALA"},"content":{"rendered":"<p>Un estudiante de 17 a\u00f1os del Plantel 10 en Apizaco, Tlaxcala, fue agredido por una alumna, presuntamente tras terminar una relaci\u00f3n sentimental. El incidente ocurri\u00f3 mientras el joven conversaba con una compa\u00f1era, lo que deriv\u00f3 en la activaci\u00f3n inmediata de protocolos de seguridad para proteger su integridad.<\/p>\n<p>La madre del estudiante present\u00f3 la denuncia formal ante el Ministerio P\u00fablico, mientras que la Direcci\u00f3n General del COBAT mantiene comunicaci\u00f3n constante y brinda respaldo institucional. La Polic\u00eda de Investigaci\u00f3n realiza las diligencias correspondientes, y se espera el dictamen oficial de las autoridades de salud sobre el estado del joven agredido.<\/p>\n<p><a href=\"https:\/\/quepocamadre.com\/wp-content\/uploads\/2025\/09\/ESTUDIANTE-AGREDIDO-POR-SU-EX-NOVIA-EN-PREPA-DE-TLAXCALA-2.jpg\"><img fetchpriority=\"high\" decoding=\"async\" class=\"aligncenter size-full wp-image-55361\" src=\"https:\/\/quepocamadre.com\/wp-content\/uploads\/2025\/09\/ESTUDIANTE-AGREDIDO-POR-SU-EX-NOVIA-EN-PREPA-DE-TLAXCALA-2.jpg\" alt=\"\" width=\"1200\" height=\"801\" srcset=\"https:\/\/quepocamadre.com\/wp-content\/uploads\/2025\/09\/ESTUDIANTE-AGREDIDO-POR-SU-EX-NOVIA-EN-PREPA-DE-TLAXCALA-2.jpg 1200w, https:\/\/quepocamadre.com\/wp-content\/uploads\/2025\/09\/ESTUDIANTE-AGREDIDO-POR-SU-EX-NOVIA-EN-PREPA-DE-TLAXCALA-2-300x200.jpg 300w, https:\/\/quepocamadre.com\/wp-content\/uploads\/2025\/09\/ESTUDIANTE-AGREDIDO-POR-SU-EX-NOVIA-EN-PREPA-DE-TLAXCALA-2-1024x684.jpg 1024w, https:\/\/quepocamadre.com\/wp-content\/uploads\/2025\/09\/ESTUDIANTE-AGREDIDO-POR-SU-EX-NOVIA-EN-PREPA-DE-TLAXCALA-2-768x513.jpg 768w\" sizes=\"(max-width: 1200px) 100vw, 1200px\" \/><\/a><\/p>\n","protected":false},"excerpt":{"rendered":"<p>Un estudiante de 17 a\u00f1os del Plantel 10 en Apizaco, Tlaxcala, fue agredido por una alumna, presuntamente tras terminar una relaci\u00f3n sentimental. El incidente ocurri\u00f3 mientras el joven conversaba con una compa\u00f1era, lo que deriv\u00f3 en la activaci\u00f3n inmediata de protocolos de seguridad para proteger su integridad. La madre del estudiante present\u00f3 la denuncia formal [&hellip;]<\/p>\n","protected":false},"author":1,"featured_media":55360,"comment_status":"open","ping_status":"open","sticky":false,"template":"","format":"standard","meta":{"footnotes":""},"categories":[124,170],"tags":[],"class_list":["post-55356","post","type-post","status-publish","format-standard","has-post-thumbnail","hentry","category-nacional","category-tlaxcala"],"_links":{"self":[{"href":"https:\/\/quepocamadre.com\/index.php?rest_route=\/wp\/v2\/posts\/55356","targetHints":{"allow":["GET"]}}],"collection":[{"href":"https:\/\/quepocamadre.com\/index.php?rest_route=\/wp\/v2\/posts"}],"about":[{"href":"https:\/\/quepocamadre.com\/index.php?rest_route=\/wp\/v2\/types\/post"}],"author":[{"embeddable":true,"href":"https:\/\/quepocamadre.com\/index.php?rest_route=\/wp\/v2\/users\/1"}],"replies":[{"embeddable":true,"href":"https:\/\/quepocamadre.com\/index.php?rest_route=%2Fwp%2Fv2%2Fcomments&post=55356"}],"version-history":[{"count":1,"href":"https:\/\/quepocamadre.com\/index.php?rest_route=\/wp\/v2\/posts\/55356\/revisions"}],"predecessor-version":[{"id":55362,"href":"https:\/\/quepocamadre.com\/index.php?rest_route=\/wp\/v2\/posts\/55356\/revisions\/55362"}],"wp:featuredmedia":[{"embeddable":true,"href":"https:\/\/quepocamadre.com\/index.php?rest_route=\/wp\/v2\/media\/55360"}],"wp:attachment":[{"href":"https:\/\/quepocamadre.com\/index.php?rest_route=%2Fwp%2Fv2%2Fmedia&parent=55356"}],"wp:term":[{"taxonomy":"category","embeddable":true,"href":"https:\/\/quepocamadre.com\/index.php?rest_route=%2Fwp%2Fv2%2Fcategories&post=55356"},{"taxonomy":"post_tag","embeddable":true,"href":"https:\/\/quepocamadre.com\/index.php?rest_route=%2Fwp%2Fv2%2Ftags&post=55356"}],"curies":[{"name":"wp","href":"https:\/\/api.w.org\/{rel}","templated":true}]}}