{"id":55070,"date":"2025-09-23T08:59:35","date_gmt":"2025-09-23T14:59:35","guid":{"rendered":"https:\/\/quepocamadre.com\/?p=55070"},"modified":"2025-09-30T21:29:02","modified_gmt":"2025-10-01T03:29:02","slug":"grito-de-auxilio-pide-alcalde-carlos-manzo-apoyo-a-gobierno-federal-por-inseguridad","status":"publish","type":"post","link":"https:\/\/quepocamadre.com\/?p=55070","title":{"rendered":"\u00a1GRITO DE AUXILIO! PIDE ALCALDE CARLOS MANZO APOYO A GOBIERNO FEDERAL POR INSEGURIDAD"},"content":{"rendered":"<blockquote><p><strong>-Denunci\u00f3 que la competencia para atender a la delincuencia organizada es del gobierno federal.<\/strong><\/p><\/blockquote>\n<p>El alcalde independiente de Uruapan, Michoac\u00e1n, Carlos Manzo, lanz\u00f3 un llamado de auxilio al gobierno federal ante la escalada de delitos en su municipio, vinculados a la delincuencia organizada.<\/p>\n<p>enfatiz\u00f3 que los delitos m\u00e1s graves en la regi\u00f3n son competencia del orden federal, por lo que pidi\u00f3 que el gobierno de la presidenta Claudia Sheinbaum asuma su responsabilidad \u201ccomo lo establece la Constituci\u00f3n\u201d.<\/p>\n<p>\u201cEste posicionamiento que hemos hecho para ser escuchados, para mandar un mensaje de auxilio, de alerta, con muchos de los que yo he hecho desde que he llegado como presidente municipal, y que me ha tocado asumir un papel de combatir delitos que no me corresponden al 100%, pero que nos vemos obligados porque no podemos dejar Uruapan abandonado, no lo podemos dejar en situaci\u00f3n de riesgo\u201d, declar\u00f3 Manzo en un videomensaje.<\/p>\n<p><a href=\"https:\/\/quepocamadre.com\/wp-content\/uploads\/2025\/09\/carlos-3.jpg\"><img fetchpriority=\"high\" decoding=\"async\" class=\"aligncenter size-full wp-image-55077\" src=\"https:\/\/quepocamadre.com\/wp-content\/uploads\/2025\/09\/carlos-3.jpg\" alt=\"\" width=\"1200\" height=\"801\" srcset=\"https:\/\/quepocamadre.com\/wp-content\/uploads\/2025\/09\/carlos-3.jpg 1200w, https:\/\/quepocamadre.com\/wp-content\/uploads\/2025\/09\/carlos-3-300x200.jpg 300w, https:\/\/quepocamadre.com\/wp-content\/uploads\/2025\/09\/carlos-3-1024x684.jpg 1024w, https:\/\/quepocamadre.com\/wp-content\/uploads\/2025\/09\/carlos-3-768x513.jpg 768w\" sizes=\"(max-width: 1200px) 100vw, 1200px\" \/><\/a><\/p>\n<p>Se\u00f1al\u00f3: &#8220;Nosotros exigimos y pedimos al gobierno federal y al gobierno estatal, pero principalmente al gobierno federal, que encabeza nuestra presidenta Claudia Sheinbaum, para que asuman su responsabilidad en los delitos del orden federal&#8221;.<\/p>\n<p>Indic\u00f3 que la Fiscal\u00eda General de la Rep\u00fablica debe investigar y esclarecer los sucesos violentos de su competencia.<\/p>\n<p>Insisti\u00f3 en que las bandas criminales est\u00e1n fuertemente armadas, que cometen secuestros, que cometen extorsiones, que cometen homicidios, que cometen enfrentamientos\u201d, por lo que, combatirlos debe ser a trav\u00e9s del Ej\u00e9rcito Mexicano y de la Guardia Nacional.<\/p>\n<p>Manzo reiter\u00f3 su denuncia respecto a que administraciones anteriores permitieron la penetraci\u00f3n del crimen organizado en Uruapan y debilitaron la seguridad municipal, incluso estableciendo pactos con los criminales.<\/p>\n<p><a href=\"https:\/\/quepocamadre.com\/wp-content\/uploads\/2025\/09\/carlos-5.jpg\"><img decoding=\"async\" class=\"aligncenter size-full wp-image-55074\" src=\"https:\/\/quepocamadre.com\/wp-content\/uploads\/2025\/09\/carlos-5.jpg\" alt=\"\" width=\"1200\" height=\"801\" srcset=\"https:\/\/quepocamadre.com\/wp-content\/uploads\/2025\/09\/carlos-5.jpg 1200w, https:\/\/quepocamadre.com\/wp-content\/uploads\/2025\/09\/carlos-5-300x200.jpg 300w, https:\/\/quepocamadre.com\/wp-content\/uploads\/2025\/09\/carlos-5-1024x684.jpg 1024w, https:\/\/quepocamadre.com\/wp-content\/uploads\/2025\/09\/carlos-5-768x513.jpg 768w\" sizes=\"(max-width: 1200px) 100vw, 1200px\" \/><\/a><\/p>\n<p>\u201cLamentablemente, nuestro municipio m\u00e1s o menos desde hace 25 a\u00f1os viene padeciendo este vac\u00edo en materia de seguridad y esto porque se ha generado, porque han existido gobiernos que han llegado para pactar con la delincuencia, que han llegado para ser c\u00f3mplices de la delincuencia, impidiendo fortalecer la seguridad p\u00fablica para proteger a los ciudadanos\u201d.<\/p>\n<p>Mencion\u00f3 que su gobierno ha tenido que reconstruir la polic\u00eda local, que enfrentaba falta de recursos, bajos salarios y moral deteriorada.<\/p>\n<p>\u201cFalta mucho trabajo por hacer, falta m\u00e1s presupuesto, faltan m\u00e1s cosas que lograr para tener mejores condiciones de seguridad para nuestros compa\u00f1eros y para toda la Secretar\u00eda de Seguridad P\u00fablica\u201d, agreg\u00f3 el alcalde.<\/p>\n<p><a href=\"https:\/\/quepocamadre.com\/wp-content\/uploads\/2025\/09\/carlos-2.jpg\"><img decoding=\"async\" class=\"aligncenter size-full wp-image-55076\" src=\"https:\/\/quepocamadre.com\/wp-content\/uploads\/2025\/09\/carlos-2.jpg\" alt=\"\" width=\"1200\" height=\"801\" srcset=\"https:\/\/quepocamadre.com\/wp-content\/uploads\/2025\/09\/carlos-2.jpg 1200w, https:\/\/quepocamadre.com\/wp-content\/uploads\/2025\/09\/carlos-2-300x200.jpg 300w, https:\/\/quepocamadre.com\/wp-content\/uploads\/2025\/09\/carlos-2-1024x684.jpg 1024w, https:\/\/quepocamadre.com\/wp-content\/uploads\/2025\/09\/carlos-2-768x513.jpg 768w\" sizes=\"(max-width: 1200px) 100vw, 1200px\" \/><\/a><\/p>\n<p>Detall\u00f3 que sostuvo reuniones con el fiscal general Carlos Torres Pi\u00f1a y el secretario de gobierno Ra\u00fal Zepeda donde se establecieron compromisos para reforzar la seguridad, incluyendo presencia del Ej\u00e9rcito y Guardia Nacional en filtros de seguridad.<\/p>\n<p>Adem\u00e1s, anunci\u00f3 una reuni\u00f3n con el gobernador Alfredo Ram\u00edrez Bedolla el pr\u00f3ximo 25 de septiembre, con la expectativa de concretar acuerdos para la inversi\u00f3n en obra p\u00fablica y seguridad para Uruapan.<\/p>\n<p>Asimismo, dijo que dar\u00e1 acompa\u00f1amiento a las familias de polic\u00edas asesinados recientemente y continuar\u00e1 buscando mejorar las condiciones de la corporaci\u00f3n municipal.<\/p>\n<p>El alcalde, que ha aparecido en sus mensajes enfundado en un chaleco antibalas, hizo un llamado a la unidad del pueblo para enfrentar la inseguridad y reiter\u00f3 que no ceder\u00e1 ante la violencia ni permitir\u00e1n que grupos delictivos controlen el municipio.<\/p>\n<p><a href=\"https:\/\/quepocamadre.com\/wp-content\/uploads\/2025\/09\/carlos.jpg\"><img loading=\"lazy\" decoding=\"async\" class=\"aligncenter size-full wp-image-55075\" src=\"https:\/\/quepocamadre.com\/wp-content\/uploads\/2025\/09\/carlos.jpg\" alt=\"\" width=\"1200\" height=\"801\" srcset=\"https:\/\/quepocamadre.com\/wp-content\/uploads\/2025\/09\/carlos.jpg 1200w, https:\/\/quepocamadre.com\/wp-content\/uploads\/2025\/09\/carlos-300x200.jpg 300w, https:\/\/quepocamadre.com\/wp-content\/uploads\/2025\/09\/carlos-1024x684.jpg 1024w, https:\/\/quepocamadre.com\/wp-content\/uploads\/2025\/09\/carlos-768x513.jpg 768w\" sizes=\"(max-width: 1200px) 100vw, 1200px\" \/><\/a><\/p>\n","protected":false},"excerpt":{"rendered":"<p>-Denunci\u00f3 que la competencia para atender a la delincuencia organizada es del gobierno federal. El alcalde independiente de Uruapan, Michoac\u00e1n, Carlos Manzo, lanz\u00f3 un llamado de auxilio al gobierno federal ante la escalada de delitos en su municipio, vinculados a la delincuencia organizada. enfatiz\u00f3 que los delitos m\u00e1s graves en la regi\u00f3n son competencia del [&hellip;]<\/p>\n","protected":false},"author":1,"featured_media":55073,"comment_status":"open","ping_status":"open","sticky":false,"template":"","format":"standard","meta":{"footnotes":""},"categories":[181,124,274],"tags":[],"class_list":["post-55070","post","type-post","status-publish","format-standard","has-post-thumbnail","hentry","category-michoacan","category-nacional","category-portada"],"_links":{"self":[{"href":"https:\/\/quepocamadre.com\/index.php?rest_route=\/wp\/v2\/posts\/55070","targetHints":{"allow":["GET"]}}],"collection":[{"href":"https:\/\/quepocamadre.com\/index.php?rest_route=\/wp\/v2\/posts"}],"about":[{"href":"https:\/\/quepocamadre.com\/index.php?rest_route=\/wp\/v2\/types\/post"}],"author":[{"embeddable":true,"href":"https:\/\/quepocamadre.com\/index.php?rest_route=\/wp\/v2\/users\/1"}],"replies":[{"embeddable":true,"href":"https:\/\/quepocamadre.com\/index.php?rest_route=%2Fwp%2Fv2%2Fcomments&post=55070"}],"version-history":[{"count":1,"href":"https:\/\/quepocamadre.com\/index.php?rest_route=\/wp\/v2\/posts\/55070\/revisions"}],"predecessor-version":[{"id":55078,"href":"https:\/\/quepocamadre.com\/index.php?rest_route=\/wp\/v2\/posts\/55070\/revisions\/55078"}],"wp:featuredmedia":[{"embeddable":true,"href":"https:\/\/quepocamadre.com\/index.php?rest_route=\/wp\/v2\/media\/55073"}],"wp:attachment":[{"href":"https:\/\/quepocamadre.com\/index.php?rest_route=%2Fwp%2Fv2%2Fmedia&parent=55070"}],"wp:term":[{"taxonomy":"category","embeddable":true,"href":"https:\/\/quepocamadre.com\/index.php?rest_route=%2Fwp%2Fv2%2Fcategories&post=55070"},{"taxonomy":"post_tag","embeddable":true,"href":"https:\/\/quepocamadre.com\/index.php?rest_route=%2Fwp%2Fv2%2Ftags&post=55070"}],"curies":[{"name":"wp","href":"https:\/\/api.w.org\/{rel}","templated":true}]}}