{"id":54967,"date":"2025-09-22T08:43:36","date_gmt":"2025-09-22T14:43:36","guid":{"rendered":"https:\/\/quepocamadre.com\/?p=54967"},"modified":"2025-09-30T21:13:29","modified_gmt":"2025-10-01T03:13:29","slug":"lo-balean-encuentran-cuerpo-dentro-de-un-vehiculo-en-villa-del-carbon","status":"publish","type":"post","link":"https:\/\/quepocamadre.com\/?p=54967","title":{"rendered":"\u00a1LO BALEAN! ENCUENTRAN CUERPO DENTRO DE UN VEH\u00cdCULO EN VILLA DEL CARB\u00d3N"},"content":{"rendered":"<p>Fue localizado el cuerpo de un hombre al interior de un veh\u00edculo en la comunidad de El Llano, en Villa del Carb\u00f3n; la v\u00edctima presentaba impactos de arma de fuego y vest\u00eda una playera blanca y pantal\u00f3n de mezclilla.<\/p>\n<p>El joven, de aproximadamente 30 a\u00f1os de edad, habr\u00eda llegado hace poco tiempo a radicar en la zona, seg\u00fan versiones extraoficiales.<\/p>\n<p>Algunas versiones apuntan a que la posible autora del crimen habr\u00eda sido la esposa de la v\u00edctima; sin embargo, hasta el momento no existe una confirmaci\u00f3n oficial y se espera que las investigaciones aclaren lo ocurrido.<\/p>\n","protected":false},"excerpt":{"rendered":"<p>Fue localizado el cuerpo de un hombre al interior de un veh\u00edculo en la comunidad de El Llano, en Villa del Carb\u00f3n; la v\u00edctima presentaba impactos de arma de fuego y vest\u00eda una playera blanca y pantal\u00f3n de mezclilla. El joven, de aproximadamente 30 a\u00f1os de edad, habr\u00eda llegado hace poco tiempo a radicar en [&hellip;]<\/p>\n","protected":false},"author":1,"featured_media":54971,"comment_status":"open","ping_status":"open","sticky":false,"template":"","format":"standard","meta":{"footnotes":""},"categories":[102,269],"tags":[],"class_list":["post-54967","post","type-post","status-publish","format-standard","has-post-thumbnail","hentry","category-edomex","category-villa-del-carbon"],"_links":{"self":[{"href":"https:\/\/quepocamadre.com\/index.php?rest_route=\/wp\/v2\/posts\/54967","targetHints":{"allow":["GET"]}}],"collection":[{"href":"https:\/\/quepocamadre.com\/index.php?rest_route=\/wp\/v2\/posts"}],"about":[{"href":"https:\/\/quepocamadre.com\/index.php?rest_route=\/wp\/v2\/types\/post"}],"author":[{"embeddable":true,"href":"https:\/\/quepocamadre.com\/index.php?rest_route=\/wp\/v2\/users\/1"}],"replies":[{"embeddable":true,"href":"https:\/\/quepocamadre.com\/index.php?rest_route=%2Fwp%2Fv2%2Fcomments&post=54967"}],"version-history":[{"count":1,"href":"https:\/\/quepocamadre.com\/index.php?rest_route=\/wp\/v2\/posts\/54967\/revisions"}],"predecessor-version":[{"id":54972,"href":"https:\/\/quepocamadre.com\/index.php?rest_route=\/wp\/v2\/posts\/54967\/revisions\/54972"}],"wp:featuredmedia":[{"embeddable":true,"href":"https:\/\/quepocamadre.com\/index.php?rest_route=\/wp\/v2\/media\/54971"}],"wp:attachment":[{"href":"https:\/\/quepocamadre.com\/index.php?rest_route=%2Fwp%2Fv2%2Fmedia&parent=54967"}],"wp:term":[{"taxonomy":"category","embeddable":true,"href":"https:\/\/quepocamadre.com\/index.php?rest_route=%2Fwp%2Fv2%2Fcategories&post=54967"},{"taxonomy":"post_tag","embeddable":true,"href":"https:\/\/quepocamadre.com\/index.php?rest_route=%2Fwp%2Fv2%2Ftags&post=54967"}],"curies":[{"name":"wp","href":"https:\/\/api.w.org\/{rel}","templated":true}]}}