{"id":54761,"date":"2025-09-17T08:37:37","date_gmt":"2025-09-17T14:37:37","guid":{"rendered":"https:\/\/quepocamadre.com\/?p=54761"},"modified":"2025-09-17T08:37:37","modified_gmt":"2025-09-17T14:37:37","slug":"lo-balean-y-lo-matan-comerciante-pierde-la-vida-dentro-de-su-tienda-en-temoaya","status":"publish","type":"post","link":"https:\/\/quepocamadre.com\/?p=54761","title":{"rendered":"\u00a1LO BALEAN Y LO MATAN! COMERCIANTE PIERDE LA VIDA DENTRO DE SU TIENDA EN TEMOAYA"},"content":{"rendered":"<p>Fue asesinado un hombre identificado como Rey Javier, de 62 a\u00f1os, cuando fue atacado a balazos dentro de su tienda de abarrotes ubicada en el fraccionamiento Las Trojes.<\/p>\n<p>La v\u00edctima recibi\u00f3 m\u00faltiples disparos de arma de fuego. Testigos se\u00f1alaron que los agresores huyeron inmediatamente despu\u00e9s de la agresi\u00f3n, sin que hasta el momento se conozca su paradero.<\/p>\n<p>Elementos de Protecci\u00f3n Civil municipal acudieron al sitio, aunque \u00fanicamente pudieron confirmar el deceso del comerciante, quien vest\u00eda una playera blanca a rayas.<\/p>\n","protected":false},"excerpt":{"rendered":"<p>Fue asesinado un hombre identificado como Rey Javier, de 62 a\u00f1os, cuando fue atacado a balazos dentro de su tienda de abarrotes ubicada en el fraccionamiento Las Trojes. La v\u00edctima recibi\u00f3 m\u00faltiples disparos de arma de fuego. Testigos se\u00f1alaron que los agresores huyeron inmediatamente despu\u00e9s de la agresi\u00f3n, sin que hasta el momento se conozca [&hellip;]<\/p>\n","protected":false},"author":1,"featured_media":54765,"comment_status":"open","ping_status":"open","sticky":false,"template":"","format":"standard","meta":{"footnotes":""},"categories":[102,245],"tags":[],"class_list":["post-54761","post","type-post","status-publish","format-standard","has-post-thumbnail","hentry","category-edomex","category-temoaya"],"_links":{"self":[{"href":"https:\/\/quepocamadre.com\/index.php?rest_route=\/wp\/v2\/posts\/54761","targetHints":{"allow":["GET"]}}],"collection":[{"href":"https:\/\/quepocamadre.com\/index.php?rest_route=\/wp\/v2\/posts"}],"about":[{"href":"https:\/\/quepocamadre.com\/index.php?rest_route=\/wp\/v2\/types\/post"}],"author":[{"embeddable":true,"href":"https:\/\/quepocamadre.com\/index.php?rest_route=\/wp\/v2\/users\/1"}],"replies":[{"embeddable":true,"href":"https:\/\/quepocamadre.com\/index.php?rest_route=%2Fwp%2Fv2%2Fcomments&post=54761"}],"version-history":[{"count":1,"href":"https:\/\/quepocamadre.com\/index.php?rest_route=\/wp\/v2\/posts\/54761\/revisions"}],"predecessor-version":[{"id":54766,"href":"https:\/\/quepocamadre.com\/index.php?rest_route=\/wp\/v2\/posts\/54761\/revisions\/54766"}],"wp:featuredmedia":[{"embeddable":true,"href":"https:\/\/quepocamadre.com\/index.php?rest_route=\/wp\/v2\/media\/54765"}],"wp:attachment":[{"href":"https:\/\/quepocamadre.com\/index.php?rest_route=%2Fwp%2Fv2%2Fmedia&parent=54761"}],"wp:term":[{"taxonomy":"category","embeddable":true,"href":"https:\/\/quepocamadre.com\/index.php?rest_route=%2Fwp%2Fv2%2Fcategories&post=54761"},{"taxonomy":"post_tag","embeddable":true,"href":"https:\/\/quepocamadre.com\/index.php?rest_route=%2Fwp%2Fv2%2Ftags&post=54761"}],"curies":[{"name":"wp","href":"https:\/\/api.w.org\/{rel}","templated":true}]}}