{"id":54697,"date":"2025-09-15T08:27:31","date_gmt":"2025-09-15T14:27:31","guid":{"rendered":"https:\/\/quepocamadre.com\/?p=54697"},"modified":"2025-09-15T08:27:31","modified_gmt":"2025-09-15T14:27:31","slug":"ya-cayo-detienen-al-conductor-del-autobus-que-choco-con-el-tren-en-atlacomulco","status":"publish","type":"post","link":"https:\/\/quepocamadre.com\/?p=54697","title":{"rendered":"\u00a1YA CAY\u00d3! DETIENEN AL CONDUCTOR DEL AUTOB\u00daS QUE CHOC\u00d3 CON EL TREN EN ATLACOMULCO"},"content":{"rendered":"<p>La FGJEM, en coordinaci\u00f3n con la Fiscal\u00eda de Michoac\u00e1n, detuvo y cumpliment\u00f3 en Morelia una orden de aprehensi\u00f3n contra Gustavo Alfredo \u201cN\u201d, conductor del autob\u00fas involucrado en el accidente ocurrido el pasado lunes 8 de septiembre, que dej\u00f3 un saldo de 10 personas fallecidas.<\/p>\n<p>En el accidente donde un autob\u00fas de doble piso de la l\u00ednea Herradura de Plata (HP) intent\u00f3 atravesar las v\u00edas, pero fue embestido por una locomotora de la empresa Canadian Pacific Kansas City Southern de M\u00e9xico; el tren desprendi\u00f3 el techo y parti\u00f3 el veh\u00edculo en dos, lo que deriv\u00f3 en la muerte de 10 pasajeros y dej\u00f3 al menos 55 heridos, varios de ellos atrapados entre los restos del transporte.<\/p>\n<p>El detenido es investigado por los delitos de homicidio y lesiones derivados del siniestro, en el que su unidad colision\u00f3 con un tren, provocando la tragedia en la que resultaron m\u00faltiples pasajeros como v\u00edctimas.<\/p>\n<p><a href=\"https:\/\/quepocamadre.com\/wp-content\/uploads\/2025\/09\/ya-cayo-2.png\"><img fetchpriority=\"high\" decoding=\"async\" class=\"aligncenter size-full wp-image-54702\" src=\"https:\/\/quepocamadre.com\/wp-content\/uploads\/2025\/09\/ya-cayo-2.png\" alt=\"\" width=\"1200\" height=\"801\" srcset=\"https:\/\/quepocamadre.com\/wp-content\/uploads\/2025\/09\/ya-cayo-2.png 1200w, https:\/\/quepocamadre.com\/wp-content\/uploads\/2025\/09\/ya-cayo-2-300x200.png 300w, https:\/\/quepocamadre.com\/wp-content\/uploads\/2025\/09\/ya-cayo-2-1024x684.png 1024w, https:\/\/quepocamadre.com\/wp-content\/uploads\/2025\/09\/ya-cayo-2-768x513.png 768w\" sizes=\"(max-width: 1200px) 100vw, 1200px\" \/><\/a><\/p>\n","protected":false},"excerpt":{"rendered":"<p>La FGJEM, en coordinaci\u00f3n con la Fiscal\u00eda de Michoac\u00e1n, detuvo y cumpliment\u00f3 en Morelia una orden de aprehensi\u00f3n contra Gustavo Alfredo \u201cN\u201d, conductor del autob\u00fas involucrado en el accidente ocurrido el pasado lunes 8 de septiembre, que dej\u00f3 un saldo de 10 personas fallecidas. En el accidente donde un autob\u00fas de doble piso de la [&hellip;]<\/p>\n","protected":false},"author":1,"featured_media":54701,"comment_status":"open","ping_status":"open","sticky":false,"template":"","format":"standard","meta":{"footnotes":""},"categories":[236,102],"tags":[],"class_list":["post-54697","post","type-post","status-publish","format-standard","has-post-thumbnail","hentry","category-atlacomulco","category-edomex"],"_links":{"self":[{"href":"https:\/\/quepocamadre.com\/index.php?rest_route=\/wp\/v2\/posts\/54697","targetHints":{"allow":["GET"]}}],"collection":[{"href":"https:\/\/quepocamadre.com\/index.php?rest_route=\/wp\/v2\/posts"}],"about":[{"href":"https:\/\/quepocamadre.com\/index.php?rest_route=\/wp\/v2\/types\/post"}],"author":[{"embeddable":true,"href":"https:\/\/quepocamadre.com\/index.php?rest_route=\/wp\/v2\/users\/1"}],"replies":[{"embeddable":true,"href":"https:\/\/quepocamadre.com\/index.php?rest_route=%2Fwp%2Fv2%2Fcomments&post=54697"}],"version-history":[{"count":1,"href":"https:\/\/quepocamadre.com\/index.php?rest_route=\/wp\/v2\/posts\/54697\/revisions"}],"predecessor-version":[{"id":54703,"href":"https:\/\/quepocamadre.com\/index.php?rest_route=\/wp\/v2\/posts\/54697\/revisions\/54703"}],"wp:featuredmedia":[{"embeddable":true,"href":"https:\/\/quepocamadre.com\/index.php?rest_route=\/wp\/v2\/media\/54701"}],"wp:attachment":[{"href":"https:\/\/quepocamadre.com\/index.php?rest_route=%2Fwp%2Fv2%2Fmedia&parent=54697"}],"wp:term":[{"taxonomy":"category","embeddable":true,"href":"https:\/\/quepocamadre.com\/index.php?rest_route=%2Fwp%2Fv2%2Fcategories&post=54697"},{"taxonomy":"post_tag","embeddable":true,"href":"https:\/\/quepocamadre.com\/index.php?rest_route=%2Fwp%2Fv2%2Ftags&post=54697"}],"curies":[{"name":"wp","href":"https:\/\/api.w.org\/{rel}","templated":true}]}}