{"id":54541,"date":"2025-09-10T08:52:10","date_gmt":"2025-09-10T14:52:10","guid":{"rendered":"https:\/\/quepocamadre.com\/?p=54541"},"modified":"2025-09-10T08:52:10","modified_gmt":"2025-09-10T14:52:10","slug":"en-operativo-detienen-a-hombre-por-asalto-con-machete-en-durango","status":"publish","type":"post","link":"https:\/\/quepocamadre.com\/?p=54541","title":{"rendered":"EN OPERATIVO DETIENEN A HOMBRE POR ASALTO CON MACHETE EN DURANGO"},"content":{"rendered":"<p>Elementos de la Polic\u00eda Estatal capturaron a C\u00e9sar \u201cN\u201d, alias &#8220;El Black&#8221;, de 33 a\u00f1os, acusado de asaltar y lesionar con un machete a un joven en la localidad de Villa Uni\u00f3n, municipio de Poanas, Durango. El agresor despoj\u00f3 a la v\u00edctima de 3,000 pesos en efectivo y trat\u00f3 de huir en una bicicleta, pero fue alcanzado por los agentes que patrullaban la zona.<\/p>\n<p>El afectado, identificado como Jos\u00e9 Francisco Coronado Mart\u00ednez, de 23 a\u00f1os y originario de Vicente Guerrero, present\u00f3 una herida en el brazo y recibi\u00f3 atenci\u00f3n m\u00e9dica tras ser auxiliado por las autoridades. El detenido fue trasladado a la Fiscal\u00eda General del Estado para determinar su situaci\u00f3n legal.<\/p>\n","protected":false},"excerpt":{"rendered":"<p>Elementos de la Polic\u00eda Estatal capturaron a C\u00e9sar \u201cN\u201d, alias &#8220;El Black&#8221;, de 33 a\u00f1os, acusado de asaltar y lesionar con un machete a un joven en la localidad de Villa Uni\u00f3n, municipio de Poanas, Durango. El agresor despoj\u00f3 a la v\u00edctima de 3,000 pesos en efectivo y trat\u00f3 de huir en una bicicleta, pero [&hellip;]<\/p>\n","protected":false},"author":1,"featured_media":54545,"comment_status":"open","ping_status":"open","sticky":false,"template":"","format":"standard","meta":{"footnotes":""},"categories":[168,124],"tags":[],"class_list":["post-54541","post","type-post","status-publish","format-standard","has-post-thumbnail","hentry","category-durango","category-nacional"],"_links":{"self":[{"href":"https:\/\/quepocamadre.com\/index.php?rest_route=\/wp\/v2\/posts\/54541","targetHints":{"allow":["GET"]}}],"collection":[{"href":"https:\/\/quepocamadre.com\/index.php?rest_route=\/wp\/v2\/posts"}],"about":[{"href":"https:\/\/quepocamadre.com\/index.php?rest_route=\/wp\/v2\/types\/post"}],"author":[{"embeddable":true,"href":"https:\/\/quepocamadre.com\/index.php?rest_route=\/wp\/v2\/users\/1"}],"replies":[{"embeddable":true,"href":"https:\/\/quepocamadre.com\/index.php?rest_route=%2Fwp%2Fv2%2Fcomments&post=54541"}],"version-history":[{"count":1,"href":"https:\/\/quepocamadre.com\/index.php?rest_route=\/wp\/v2\/posts\/54541\/revisions"}],"predecessor-version":[{"id":54546,"href":"https:\/\/quepocamadre.com\/index.php?rest_route=\/wp\/v2\/posts\/54541\/revisions\/54546"}],"wp:featuredmedia":[{"embeddable":true,"href":"https:\/\/quepocamadre.com\/index.php?rest_route=\/wp\/v2\/media\/54545"}],"wp:attachment":[{"href":"https:\/\/quepocamadre.com\/index.php?rest_route=%2Fwp%2Fv2%2Fmedia&parent=54541"}],"wp:term":[{"taxonomy":"category","embeddable":true,"href":"https:\/\/quepocamadre.com\/index.php?rest_route=%2Fwp%2Fv2%2Fcategories&post=54541"},{"taxonomy":"post_tag","embeddable":true,"href":"https:\/\/quepocamadre.com\/index.php?rest_route=%2Fwp%2Fv2%2Ftags&post=54541"}],"curies":[{"name":"wp","href":"https:\/\/api.w.org\/{rel}","templated":true}]}}