{"id":54336,"date":"2025-09-05T08:38:01","date_gmt":"2025-09-05T14:38:01","guid":{"rendered":"https:\/\/quepocamadre.com\/?p=54336"},"modified":"2025-09-05T08:38:01","modified_gmt":"2025-09-05T14:38:01","slug":"hallan-cuerpo-sin-vida-dentro-de-vehiculo-en-acapulco","status":"publish","type":"post","link":"https:\/\/quepocamadre.com\/?p=54336","title":{"rendered":"HALLAN CUERPO SIN VIDA DENTRO DE VEH\u00cdCULO EN ACAPULCO"},"content":{"rendered":"<p>Se report\u00f3 el hallazgo de cuerpo de un hombre sin vida al interior de un veh\u00edculo en la cerrada de Orizaba, Colonia Progreso, Acapulco, Guerrero. Autoridades resguardaron la zona y realizaron las primeras diligencias, hasta el momento se desconocen m\u00e1s detalles sobre la identidad de la v\u00edctima o posibles responsables.<\/p>\n<p>Vecinos y transe\u00fantes reportaron el hallazgo de manera inmediata, lo que gener\u00f3 una intensa movilizaci\u00f3n de polic\u00edas y personal de servicios periciales. Las investigaciones contin\u00faan para esclarecer las circunstancias del hecho y determinar si existen indicios de violencia o delitos previos.<\/p>\n","protected":false},"excerpt":{"rendered":"<p>Se report\u00f3 el hallazgo de cuerpo de un hombre sin vida al interior de un veh\u00edculo en la cerrada de Orizaba, Colonia Progreso, Acapulco, Guerrero. Autoridades resguardaron la zona y realizaron las primeras diligencias, hasta el momento se desconocen m\u00e1s detalles sobre la identidad de la v\u00edctima o posibles responsables. Vecinos y transe\u00fantes reportaron el [&hellip;]<\/p>\n","protected":false},"author":1,"featured_media":54341,"comment_status":"open","ping_status":"open","sticky":false,"template":"","format":"standard","meta":{"footnotes":""},"categories":[173,124],"tags":[],"class_list":["post-54336","post","type-post","status-publish","format-standard","has-post-thumbnail","hentry","category-guerrero","category-nacional"],"_links":{"self":[{"href":"https:\/\/quepocamadre.com\/index.php?rest_route=\/wp\/v2\/posts\/54336","targetHints":{"allow":["GET"]}}],"collection":[{"href":"https:\/\/quepocamadre.com\/index.php?rest_route=\/wp\/v2\/posts"}],"about":[{"href":"https:\/\/quepocamadre.com\/index.php?rest_route=\/wp\/v2\/types\/post"}],"author":[{"embeddable":true,"href":"https:\/\/quepocamadre.com\/index.php?rest_route=\/wp\/v2\/users\/1"}],"replies":[{"embeddable":true,"href":"https:\/\/quepocamadre.com\/index.php?rest_route=%2Fwp%2Fv2%2Fcomments&post=54336"}],"version-history":[{"count":1,"href":"https:\/\/quepocamadre.com\/index.php?rest_route=\/wp\/v2\/posts\/54336\/revisions"}],"predecessor-version":[{"id":54342,"href":"https:\/\/quepocamadre.com\/index.php?rest_route=\/wp\/v2\/posts\/54336\/revisions\/54342"}],"wp:featuredmedia":[{"embeddable":true,"href":"https:\/\/quepocamadre.com\/index.php?rest_route=\/wp\/v2\/media\/54341"}],"wp:attachment":[{"href":"https:\/\/quepocamadre.com\/index.php?rest_route=%2Fwp%2Fv2%2Fmedia&parent=54336"}],"wp:term":[{"taxonomy":"category","embeddable":true,"href":"https:\/\/quepocamadre.com\/index.php?rest_route=%2Fwp%2Fv2%2Fcategories&post=54336"},{"taxonomy":"post_tag","embeddable":true,"href":"https:\/\/quepocamadre.com\/index.php?rest_route=%2Fwp%2Fv2%2Ftags&post=54336"}],"curies":[{"name":"wp","href":"https:\/\/api.w.org\/{rel}","templated":true}]}}