{"id":54281,"date":"2025-09-04T08:00:28","date_gmt":"2025-09-04T14:00:28","guid":{"rendered":"https:\/\/quepocamadre.com\/?p=54281"},"modified":"2025-09-04T08:00:28","modified_gmt":"2025-09-04T14:00:28","slug":"dos-hombres-ejecutados-en-la-via-corta-parral-chihuahua","status":"publish","type":"post","link":"https:\/\/quepocamadre.com\/?p=54281","title":{"rendered":"DOS HOMBRES EJECUTADOS EN LA V\u00cdA CORTA PARRAL &#8211; CHIHUAHUA"},"content":{"rendered":"<p>Los cuerpos sin vida de dos hombres fueron encontrados maniatados y con impactos de arma de fuego a un costado de la carretera v\u00eda corta a Parral, a la altura del kil\u00f3metro 12, en direcci\u00f3n de Chihuahua a Parral. El hallazgo ocurri\u00f3 en la entrada de un rancho, provocando la movilizaci\u00f3n inmediata de autoridades de los tres niveles de gobierno.<\/p>\n<p>La Fiscal\u00eda General del Estado y peritos realizaron el levantamiento de los cuerpos, que fueron trasladados al C-7 para la necropsia de ley. Hasta el momento no se ha dado a conocer la identidad de las v\u00edctimas ni el m\u00f3vil del doble homicidio, mientras las investigaciones contin\u00faan en la zona.<\/p>\n","protected":false},"excerpt":{"rendered":"<p>Los cuerpos sin vida de dos hombres fueron encontrados maniatados y con impactos de arma de fuego a un costado de la carretera v\u00eda corta a Parral, a la altura del kil\u00f3metro 12, en direcci\u00f3n de Chihuahua a Parral. El hallazgo ocurri\u00f3 en la entrada de un rancho, provocando la movilizaci\u00f3n inmediata de autoridades de [&hellip;]<\/p>\n","protected":false},"author":1,"featured_media":54285,"comment_status":"open","ping_status":"open","sticky":false,"template":"","format":"standard","meta":{"footnotes":""},"categories":[166,124],"tags":[],"class_list":["post-54281","post","type-post","status-publish","format-standard","has-post-thumbnail","hentry","category-chihuahua","category-nacional"],"_links":{"self":[{"href":"https:\/\/quepocamadre.com\/index.php?rest_route=\/wp\/v2\/posts\/54281","targetHints":{"allow":["GET"]}}],"collection":[{"href":"https:\/\/quepocamadre.com\/index.php?rest_route=\/wp\/v2\/posts"}],"about":[{"href":"https:\/\/quepocamadre.com\/index.php?rest_route=\/wp\/v2\/types\/post"}],"author":[{"embeddable":true,"href":"https:\/\/quepocamadre.com\/index.php?rest_route=\/wp\/v2\/users\/1"}],"replies":[{"embeddable":true,"href":"https:\/\/quepocamadre.com\/index.php?rest_route=%2Fwp%2Fv2%2Fcomments&post=54281"}],"version-history":[{"count":1,"href":"https:\/\/quepocamadre.com\/index.php?rest_route=\/wp\/v2\/posts\/54281\/revisions"}],"predecessor-version":[{"id":54286,"href":"https:\/\/quepocamadre.com\/index.php?rest_route=\/wp\/v2\/posts\/54281\/revisions\/54286"}],"wp:featuredmedia":[{"embeddable":true,"href":"https:\/\/quepocamadre.com\/index.php?rest_route=\/wp\/v2\/media\/54285"}],"wp:attachment":[{"href":"https:\/\/quepocamadre.com\/index.php?rest_route=%2Fwp%2Fv2%2Fmedia&parent=54281"}],"wp:term":[{"taxonomy":"category","embeddable":true,"href":"https:\/\/quepocamadre.com\/index.php?rest_route=%2Fwp%2Fv2%2Fcategories&post=54281"},{"taxonomy":"post_tag","embeddable":true,"href":"https:\/\/quepocamadre.com\/index.php?rest_route=%2Fwp%2Fv2%2Ftags&post=54281"}],"curies":[{"name":"wp","href":"https:\/\/api.w.org\/{rel}","templated":true}]}}