{"id":54269,"date":"2025-09-03T17:28:27","date_gmt":"2025-09-03T23:28:27","guid":{"rendered":"https:\/\/quepocamadre.com\/?p=54269"},"modified":"2025-09-03T17:28:27","modified_gmt":"2025-09-03T23:28:27","slug":"asesinan-a-hombre-en-joquicingo-fiscalia-mexiquense-inicia-investigacion","status":"publish","type":"post","link":"https:\/\/quepocamadre.com\/?p=54269","title":{"rendered":"ASESINAN A HOMBRE EN JOQUICINGO; FISCALIA MEXIQUENSE INICIA INVESTIGACI\u00d3N"},"content":{"rendered":"<p data-start=\"212\" data-end=\"616\">La ma\u00f1ana del martes, un hombre de 41 a\u00f1os fue hallado sin vida en la comunidad de El Guarda de Guerrero, en el municipio de Joquicingo, al sur del Estado de M\u00e9xico, con una herida de bala en la cabeza. Familiares acudieron al sitio para identificar a la v\u00edctima, quien fue localizada tirada bocabajo a un costado de las calles Javier Mina y Vicente Guerrero, cerca de un campo de futbol.<\/p>\n<p data-start=\"618\" data-end=\"929\">Param\u00e9dicos confirmaron que el hombre, vestido de negro con calzado caf\u00e9, ya no presentaba signos vitales. Elementos de seguridad estatal y municipal acordonaron la zona y notificaron al Ministerio P\u00fablico, mientras el equipo forense realizaba el levantamiento del cad\u00e1ver y el procesamiento de la escena.<\/p>\n<p data-start=\"931\" data-end=\"1140\">La Fiscal\u00eda General de Justicia del Estado de M\u00e9xico (FGJEM) abri\u00f3 una carpeta de investigaci\u00f3n por el delito de homicidio, con el objetivo de esclarecer el m\u00f3vil del crimen y detener a los responsables.<\/p>\n","protected":false},"excerpt":{"rendered":"<p>La ma\u00f1ana del martes, un hombre de 41 a\u00f1os fue hallado sin vida en la comunidad de El Guarda de Guerrero, en el municipio de Joquicingo, al sur del Estado de M\u00e9xico, con una herida de bala en la cabeza. Familiares acudieron al sitio para identificar a la v\u00edctima, quien fue localizada tirada bocabajo a [&hellip;]<\/p>\n","protected":false},"author":12,"featured_media":54270,"comment_status":"open","ping_status":"open","sticky":false,"template":"","format":"standard","meta":{"footnotes":""},"categories":[102],"tags":[],"class_list":["post-54269","post","type-post","status-publish","format-standard","has-post-thumbnail","hentry","category-edomex"],"_links":{"self":[{"href":"https:\/\/quepocamadre.com\/index.php?rest_route=\/wp\/v2\/posts\/54269","targetHints":{"allow":["GET"]}}],"collection":[{"href":"https:\/\/quepocamadre.com\/index.php?rest_route=\/wp\/v2\/posts"}],"about":[{"href":"https:\/\/quepocamadre.com\/index.php?rest_route=\/wp\/v2\/types\/post"}],"author":[{"embeddable":true,"href":"https:\/\/quepocamadre.com\/index.php?rest_route=\/wp\/v2\/users\/12"}],"replies":[{"embeddable":true,"href":"https:\/\/quepocamadre.com\/index.php?rest_route=%2Fwp%2Fv2%2Fcomments&post=54269"}],"version-history":[{"count":1,"href":"https:\/\/quepocamadre.com\/index.php?rest_route=\/wp\/v2\/posts\/54269\/revisions"}],"predecessor-version":[{"id":54271,"href":"https:\/\/quepocamadre.com\/index.php?rest_route=\/wp\/v2\/posts\/54269\/revisions\/54271"}],"wp:featuredmedia":[{"embeddable":true,"href":"https:\/\/quepocamadre.com\/index.php?rest_route=\/wp\/v2\/media\/54270"}],"wp:attachment":[{"href":"https:\/\/quepocamadre.com\/index.php?rest_route=%2Fwp%2Fv2%2Fmedia&parent=54269"}],"wp:term":[{"taxonomy":"category","embeddable":true,"href":"https:\/\/quepocamadre.com\/index.php?rest_route=%2Fwp%2Fv2%2Fcategories&post=54269"},{"taxonomy":"post_tag","embeddable":true,"href":"https:\/\/quepocamadre.com\/index.php?rest_route=%2Fwp%2Fv2%2Ftags&post=54269"}],"curies":[{"name":"wp","href":"https:\/\/api.w.org\/{rel}","templated":true}]}}