{"id":54227,"date":"2025-09-03T08:25:56","date_gmt":"2025-09-03T14:25:56","guid":{"rendered":"https:\/\/quepocamadre.com\/?p=54227"},"modified":"2025-09-03T08:25:56","modified_gmt":"2025-09-03T14:25:56","slug":"taxista-asesinado-a-tiros-en-uruapan","status":"publish","type":"post","link":"https:\/\/quepocamadre.com\/?p=54227","title":{"rendered":"TAXISTA ASESINADO A TIROS EN URUAPAN"},"content":{"rendered":"<p>Un taxista fue ultimado a tiros este martes en la colonia La Quinta, en la salida a Paracho, al poniente de la ciudad de Uruapan, Michoac\u00e1n. La agresi\u00f3n ocurri\u00f3 poco antes de las 2 de la tarde en la avenida Anillo de Circunvalaci\u00f3n, cerca de la glorieta del Mural de La Quinta.<\/p>\n<p>La v\u00edctima fue localizada sin vida, afuera de su auto Chevrolet Aveo blanco, con placas A-975-LCC, que utilizaba para el servicio de la l\u00ednea de taxis Monarca. La v\u00edctima, cuyo nombre a\u00fan se desconoce, recibi\u00f3 impactos de bala en la cabeza. Las autoridades desconocen el motivo de la agresi\u00f3n y el paradero de los responsables, por lo que la Fiscal\u00eda General de Michoac\u00e1n ya abri\u00f3 una investigaci\u00f3n para esclarecer el crimen y trasladar el cuerpo al Servicio M\u00e9dico Forense de Uruapan.<\/p>\n","protected":false},"excerpt":{"rendered":"<p>Un taxista fue ultimado a tiros este martes en la colonia La Quinta, en la salida a Paracho, al poniente de la ciudad de Uruapan, Michoac\u00e1n. La agresi\u00f3n ocurri\u00f3 poco antes de las 2 de la tarde en la avenida Anillo de Circunvalaci\u00f3n, cerca de la glorieta del Mural de La Quinta. La v\u00edctima fue [&hellip;]<\/p>\n","protected":false},"author":1,"featured_media":54231,"comment_status":"open","ping_status":"open","sticky":false,"template":"","format":"standard","meta":{"footnotes":""},"categories":[181,124],"tags":[],"class_list":["post-54227","post","type-post","status-publish","format-standard","has-post-thumbnail","hentry","category-michoacan","category-nacional"],"_links":{"self":[{"href":"https:\/\/quepocamadre.com\/index.php?rest_route=\/wp\/v2\/posts\/54227","targetHints":{"allow":["GET"]}}],"collection":[{"href":"https:\/\/quepocamadre.com\/index.php?rest_route=\/wp\/v2\/posts"}],"about":[{"href":"https:\/\/quepocamadre.com\/index.php?rest_route=\/wp\/v2\/types\/post"}],"author":[{"embeddable":true,"href":"https:\/\/quepocamadre.com\/index.php?rest_route=\/wp\/v2\/users\/1"}],"replies":[{"embeddable":true,"href":"https:\/\/quepocamadre.com\/index.php?rest_route=%2Fwp%2Fv2%2Fcomments&post=54227"}],"version-history":[{"count":1,"href":"https:\/\/quepocamadre.com\/index.php?rest_route=\/wp\/v2\/posts\/54227\/revisions"}],"predecessor-version":[{"id":54232,"href":"https:\/\/quepocamadre.com\/index.php?rest_route=\/wp\/v2\/posts\/54227\/revisions\/54232"}],"wp:featuredmedia":[{"embeddable":true,"href":"https:\/\/quepocamadre.com\/index.php?rest_route=\/wp\/v2\/media\/54231"}],"wp:attachment":[{"href":"https:\/\/quepocamadre.com\/index.php?rest_route=%2Fwp%2Fv2%2Fmedia&parent=54227"}],"wp:term":[{"taxonomy":"category","embeddable":true,"href":"https:\/\/quepocamadre.com\/index.php?rest_route=%2Fwp%2Fv2%2Fcategories&post=54227"},{"taxonomy":"post_tag","embeddable":true,"href":"https:\/\/quepocamadre.com\/index.php?rest_route=%2Fwp%2Fv2%2Ftags&post=54227"}],"curies":[{"name":"wp","href":"https:\/\/api.w.org\/{rel}","templated":true}]}}