{"id":54097,"date":"2025-09-01T08:32:55","date_gmt":"2025-09-01T14:32:55","guid":{"rendered":"https:\/\/quepocamadre.com\/?p=54097"},"modified":"2025-09-01T08:32:55","modified_gmt":"2025-09-01T14:32:55","slug":"fgjem-detuvo-a-nueve-integrantes-de-la-m4-en-nicolas-romero","status":"publish","type":"post","link":"https:\/\/quepocamadre.com\/?p=54097","title":{"rendered":"FGJEM detuvo a nueve integrantes de la &#8220;M4&#8221; en Nicol\u00e1s Romero"},"content":{"rendered":"<p>Mediante la Estrategia Nacional contra la Extorsi\u00f3n, elementos de la SSPC, Defensa, GN, en coordinaci\u00f3n con la FGJEM y la SSEM, en diferentes acciones, detuvieron a nueve sujetos, integrantes de una c\u00e9lula delictiva vinculada a una organizaci\u00f3n criminal con or\u00edgenes en el estado de Jalisco.<\/p>\n<p>Esta banda se dedicaba a delitos de alto impacto, principalmente en agravio de operadores de transporte p\u00fablico, conductores de veh\u00edculos particulares y comercios formales como barber\u00edas en municipios del Valle de M\u00e9xico.<\/p>\n<p>Por lo violentos hechos que se han registrado en esta regi\u00f3n de la entidad se realiz\u00f3 una movilizaci\u00f3n en la carretera Progreso-Villa del Carb\u00f3n, en la colonia San Jos\u00e9 El Vidrio, del municipio de Nicol\u00e1s Romero donde se detuvo a seis integrantes de esta c\u00e9lula criminal autodenominada \u201cM4\u201d.<\/p>\n<p>Los detenidos fueron identificados como Marco Antonio \u201cN\u201d, Alejandro \u201cN\u201d, Jos\u00e9 Manuel \u201cN\u201d, Jhoan \u201cN\u201d, Brandon Ricardo \u201cN\u201d y Gerardo \u201cN\u201d, los cuales fueron capturados luego de que se presentaron ante el operador de un veh\u00edculo de transporte p\u00fablico, a quien amagaron con un arma de fuego y le exigieron el pago de una cuota para no atentar contra su integridad.<\/p>\n<p>Informaci\u00f3n recabada por la Fiscal\u00eda Estatal, estableci\u00f3 que el l\u00edder de esta c\u00e9lula delictiva era un sujeto identificado como Erick \u201cN\u201d, alias \u201cM4\u201d, por ello en una acci\u00f3n operativa ejecutada en esta regi\u00f3n de la entidad, fue posible su detenci\u00f3n.<\/p>\n<p>Este sujeto era el segundo al mando dentro de una estructura criminal que era liderada por David \u201cN\u201d, alias \u201cEl Davis\u2019\u201d, quien fue detenido en octubre del 2021 por dicha Instituci\u00f3n y actualmente se encuentra interno en el Penal de Tenango del Valle, donde purga una condena de 62 a\u00f1os de prisi\u00f3n por el il\u00edcito de homicidio; por lo que Erick \u201cN\u201d asumi\u00f3 el liderazgo de esta c\u00e9lula delictiva; adem\u00e1s es investigado por su presunta participaci\u00f3n en el delito de extorsi\u00f3n en agravio del due\u00f1o de un negocio con giro de barber\u00eda, en el municipio de Nicol\u00e1s Romero.<\/p>\n<p>Tambi\u00e9n se estableci\u00f3 que Arturo \u201cN\u201d, quien recientemente comenz\u00f3 a realizar su servicio social en esta Fiscal\u00eda, presumiblemente tambi\u00e9n formaba parte de esta c\u00e9lula a la cual proporcionaba informaci\u00f3n respecto a acciones policiacas en contra del grupo criminal, adem\u00e1s de comercializar estupefacientes y cometer homicidios.<\/p>\n<p>Por lo cu\u00e1l se ordeno su aprehensi\u00f3n por el delito de homicidio en relaci\u00f3n a hechos registrados el pasado 2 de febrero en la avenida Emiliano Zapata, colonia El Tr\u00e1fico, donde en complicidad con otros sujetos, habr\u00eda detonado armas de fuego en contra de un masculino, ocasion\u00e1ndole la muerte.<\/p>\n<p>En otra acci\u00f3n conjunta con autoridades federales y estatales, se detuvo a Eduardo \u201cN\u201d, alias \u201cEl Diamante\u201d, quien de igual forma estar\u00eda relacionado con los hechos perpetrados el 2 de febrero de este a\u00f1o, donde fue privado de la vida un masculino.<\/p>\n<p>A Jhoan \u201cN\u201d y Brandon \u201cN\u201d les fue cumplimentada una orden de aprehensi\u00f3n por el delito de secuestro que causa la muerte en agravio de un operador de transporte p\u00fablico en el municipio de Nicol\u00e1s Romero.<\/p>\n<p>Erick \u201cN\u201d, alias \u201cM4\u201d, Arturo \u201cN\u201d, Eduardo \u201cN\u201d, as\u00ed como Marco Antonio \u201cN\u201d, Alejandro \u201cN\u201d, Jos\u00e9 Manuel \u201cN\u201d, Jhoan \u201cN\u201d, Brandon Ricardo \u201cN\u201d y Gerardo \u201cN\u201d, fueron ingresados al Centro Penitenciario y de Reinserci\u00f3n Social de Tlalnepantla, quedaron a disposici\u00f3n de un Juez quien determinar\u00e1 su situaci\u00f3n jur\u00eddica. Marco Antonio \u201cN\u201d, Alejandro \u201cN\u201d, Jos\u00e9 Manuel \u201cN\u201d, Jhoan \u201cN\u201d, Brandon Ricardo \u201cN\u201d y Gerardo \u201cN\u201d, est\u00e1n vinculados a proceso por dos hechos diversos de extorsi\u00f3n.<\/p>\n<p>Las indagatorias por parte de esta Instituci\u00f3n contin\u00faan a fin de poder establecer la probable intervenci\u00f3n de estos individuos en otros il\u00edcitos de alto impacto como homicidios y secuestros registrados en el Estado de M\u00e9xico.<\/p>\n","protected":false},"excerpt":{"rendered":"<p>Mediante la Estrategia Nacional contra la Extorsi\u00f3n, elementos de la SSPC, Defensa, GN, en coordinaci\u00f3n con la FGJEM y la SSEM, en diferentes acciones, detuvieron a nueve sujetos, integrantes de una c\u00e9lula delictiva vinculada a una organizaci\u00f3n criminal con or\u00edgenes en el estado de Jalisco. Esta banda se dedicaba a delitos de alto impacto, principalmente [&hellip;]<\/p>\n","protected":false},"author":1,"featured_media":54101,"comment_status":"open","ping_status":"open","sticky":false,"template":"","format":"standard","meta":{"footnotes":""},"categories":[102,247],"tags":[],"class_list":["post-54097","post","type-post","status-publish","format-standard","has-post-thumbnail","hentry","category-edomex","category-nicolas-romero"],"_links":{"self":[{"href":"https:\/\/quepocamadre.com\/index.php?rest_route=\/wp\/v2\/posts\/54097","targetHints":{"allow":["GET"]}}],"collection":[{"href":"https:\/\/quepocamadre.com\/index.php?rest_route=\/wp\/v2\/posts"}],"about":[{"href":"https:\/\/quepocamadre.com\/index.php?rest_route=\/wp\/v2\/types\/post"}],"author":[{"embeddable":true,"href":"https:\/\/quepocamadre.com\/index.php?rest_route=\/wp\/v2\/users\/1"}],"replies":[{"embeddable":true,"href":"https:\/\/quepocamadre.com\/index.php?rest_route=%2Fwp%2Fv2%2Fcomments&post=54097"}],"version-history":[{"count":1,"href":"https:\/\/quepocamadre.com\/index.php?rest_route=\/wp\/v2\/posts\/54097\/revisions"}],"predecessor-version":[{"id":54102,"href":"https:\/\/quepocamadre.com\/index.php?rest_route=\/wp\/v2\/posts\/54097\/revisions\/54102"}],"wp:featuredmedia":[{"embeddable":true,"href":"https:\/\/quepocamadre.com\/index.php?rest_route=\/wp\/v2\/media\/54101"}],"wp:attachment":[{"href":"https:\/\/quepocamadre.com\/index.php?rest_route=%2Fwp%2Fv2%2Fmedia&parent=54097"}],"wp:term":[{"taxonomy":"category","embeddable":true,"href":"https:\/\/quepocamadre.com\/index.php?rest_route=%2Fwp%2Fv2%2Fcategories&post=54097"},{"taxonomy":"post_tag","embeddable":true,"href":"https:\/\/quepocamadre.com\/index.php?rest_route=%2Fwp%2Fv2%2Ftags&post=54097"}],"curies":[{"name":"wp","href":"https:\/\/api.w.org\/{rel}","templated":true}]}}