{"id":54082,"date":"2025-09-01T08:28:54","date_gmt":"2025-09-01T14:28:54","guid":{"rendered":"https:\/\/quepocamadre.com\/?p=54082"},"modified":"2025-09-01T08:28:54","modified_gmt":"2025-09-01T14:28:54","slug":"queda-prensado-trailero-pierde-la-vida-al-caer-de-puente-vehicular-en-atlacomulco","status":"publish","type":"post","link":"https:\/\/quepocamadre.com\/?p=54082","title":{"rendered":"\u00a1QUEDA PRENSADO! TRAILERO PIERDE LA VIDA AL CAER DE PUENTE VEHICULAR EN ATLACOMULCO"},"content":{"rendered":"<p>Se present\u00f3 un fuerte accidente en la carretera Atlacomulco-Toluca, a la altura del puente vehicular que conecta con la salida a la capital mexiquense.<\/p>\n<p>El conductor del tr\u00e1iler perdi\u00f3 el control y cay\u00f3 desde lo alto del puente hasta los carriles laterales, donde aplast\u00f3 a un veh\u00edculo que se encontraba estacionado y sin tripulantes.<\/p>\n<p>Al acudir param\u00e9dicos al lugar y tratar de auxiliar al ch\u00f3fer, quien qued\u00f3 prensado entre los fierros de la unidad; este ya no presentaba signos vitales.<\/p>\n","protected":false},"excerpt":{"rendered":"<p>Se present\u00f3 un fuerte accidente en la carretera Atlacomulco-Toluca, a la altura del puente vehicular que conecta con la salida a la capital mexiquense. El conductor del tr\u00e1iler perdi\u00f3 el control y cay\u00f3 desde lo alto del puente hasta los carriles laterales, donde aplast\u00f3 a un veh\u00edculo que se encontraba estacionado y sin tripulantes. Al [&hellip;]<\/p>\n","protected":false},"author":1,"featured_media":54086,"comment_status":"open","ping_status":"open","sticky":false,"template":"","format":"standard","meta":{"footnotes":""},"categories":[236,102],"tags":[],"class_list":["post-54082","post","type-post","status-publish","format-standard","has-post-thumbnail","hentry","category-atlacomulco","category-edomex"],"_links":{"self":[{"href":"https:\/\/quepocamadre.com\/index.php?rest_route=\/wp\/v2\/posts\/54082","targetHints":{"allow":["GET"]}}],"collection":[{"href":"https:\/\/quepocamadre.com\/index.php?rest_route=\/wp\/v2\/posts"}],"about":[{"href":"https:\/\/quepocamadre.com\/index.php?rest_route=\/wp\/v2\/types\/post"}],"author":[{"embeddable":true,"href":"https:\/\/quepocamadre.com\/index.php?rest_route=\/wp\/v2\/users\/1"}],"replies":[{"embeddable":true,"href":"https:\/\/quepocamadre.com\/index.php?rest_route=%2Fwp%2Fv2%2Fcomments&post=54082"}],"version-history":[{"count":1,"href":"https:\/\/quepocamadre.com\/index.php?rest_route=\/wp\/v2\/posts\/54082\/revisions"}],"predecessor-version":[{"id":54087,"href":"https:\/\/quepocamadre.com\/index.php?rest_route=\/wp\/v2\/posts\/54082\/revisions\/54087"}],"wp:featuredmedia":[{"embeddable":true,"href":"https:\/\/quepocamadre.com\/index.php?rest_route=\/wp\/v2\/media\/54086"}],"wp:attachment":[{"href":"https:\/\/quepocamadre.com\/index.php?rest_route=%2Fwp%2Fv2%2Fmedia&parent=54082"}],"wp:term":[{"taxonomy":"category","embeddable":true,"href":"https:\/\/quepocamadre.com\/index.php?rest_route=%2Fwp%2Fv2%2Fcategories&post=54082"},{"taxonomy":"post_tag","embeddable":true,"href":"https:\/\/quepocamadre.com\/index.php?rest_route=%2Fwp%2Fv2%2Ftags&post=54082"}],"curies":[{"name":"wp","href":"https:\/\/api.w.org\/{rel}","templated":true}]}}