{"id":53895,"date":"2025-08-27T08:27:31","date_gmt":"2025-08-27T14:27:31","guid":{"rendered":"https:\/\/quepocamadre.com\/?p=53895"},"modified":"2025-08-27T08:27:31","modified_gmt":"2025-08-27T14:27:31","slug":"perdio-el-control-y-se-estampo-en-la-curva","status":"publish","type":"post","link":"https:\/\/quepocamadre.com\/?p=53895","title":{"rendered":"\u00a1PERDI\u00d3 EL CONTROL Y SE ESTAMP\u00d3 EN LA CURVA!"},"content":{"rendered":"<p>Una camioneta se impact\u00f3 contra el muro de contenci\u00f3n cuando circulaba en la carretera Chiautempan-Apizaco, a la altura de Gran Patio, en el municipio de Apetatitl\u00e1n, en Tlaxcala.<\/p>\n<p>El conductor result\u00f3 con lesiones menores y fue atendido por servicios de emergencias; la circulaci\u00f3n se vio afectada mientras se atend\u00eda el incidente.<\/p>\n","protected":false},"excerpt":{"rendered":"<p>Una camioneta se impact\u00f3 contra el muro de contenci\u00f3n cuando circulaba en la carretera Chiautempan-Apizaco, a la altura de Gran Patio, en el municipio de Apetatitl\u00e1n, en Tlaxcala. El conductor result\u00f3 con lesiones menores y fue atendido por servicios de emergencias; la circulaci\u00f3n se vio afectada mientras se atend\u00eda el incidente.<\/p>\n","protected":false},"author":1,"featured_media":53899,"comment_status":"open","ping_status":"open","sticky":false,"template":"","format":"standard","meta":{"footnotes":""},"categories":[124,170],"tags":[],"class_list":["post-53895","post","type-post","status-publish","format-standard","has-post-thumbnail","hentry","category-nacional","category-tlaxcala"],"_links":{"self":[{"href":"https:\/\/quepocamadre.com\/index.php?rest_route=\/wp\/v2\/posts\/53895","targetHints":{"allow":["GET"]}}],"collection":[{"href":"https:\/\/quepocamadre.com\/index.php?rest_route=\/wp\/v2\/posts"}],"about":[{"href":"https:\/\/quepocamadre.com\/index.php?rest_route=\/wp\/v2\/types\/post"}],"author":[{"embeddable":true,"href":"https:\/\/quepocamadre.com\/index.php?rest_route=\/wp\/v2\/users\/1"}],"replies":[{"embeddable":true,"href":"https:\/\/quepocamadre.com\/index.php?rest_route=%2Fwp%2Fv2%2Fcomments&post=53895"}],"version-history":[{"count":1,"href":"https:\/\/quepocamadre.com\/index.php?rest_route=\/wp\/v2\/posts\/53895\/revisions"}],"predecessor-version":[{"id":53900,"href":"https:\/\/quepocamadre.com\/index.php?rest_route=\/wp\/v2\/posts\/53895\/revisions\/53900"}],"wp:featuredmedia":[{"embeddable":true,"href":"https:\/\/quepocamadre.com\/index.php?rest_route=\/wp\/v2\/media\/53899"}],"wp:attachment":[{"href":"https:\/\/quepocamadre.com\/index.php?rest_route=%2Fwp%2Fv2%2Fmedia&parent=53895"}],"wp:term":[{"taxonomy":"category","embeddable":true,"href":"https:\/\/quepocamadre.com\/index.php?rest_route=%2Fwp%2Fv2%2Fcategories&post=53895"},{"taxonomy":"post_tag","embeddable":true,"href":"https:\/\/quepocamadre.com\/index.php?rest_route=%2Fwp%2Fv2%2Ftags&post=53895"}],"curies":[{"name":"wp","href":"https:\/\/api.w.org\/{rel}","templated":true}]}}