{"id":53838,"date":"2025-08-26T08:19:14","date_gmt":"2025-08-26T14:19:14","guid":{"rendered":"https:\/\/quepocamadre.com\/?p=53838"},"modified":"2025-08-26T08:19:14","modified_gmt":"2025-08-26T14:19:14","slug":"caen-dos-narcomenudistas-que-portaban-armas-de-fuego","status":"publish","type":"post","link":"https:\/\/quepocamadre.com\/?p=53838","title":{"rendered":"CAEN DOS NARCOMENUDISTAS QUE PORTABAN ARMAS DE FUEGO"},"content":{"rendered":"<p>Polic\u00edas de la Secretar\u00eda de Seguridad del Edom\u00e9x (SSEM) y polic\u00edas municipales, culminaron en la detenci\u00f3n de dos hombres posibles responsables de portaci\u00f3n de arma de fuego y narcomenudeo.<\/p>\n<p>Durante la aplicaci\u00f3n de recorridos de vigilancia y preventivos propios del Mando Unificado Zona Oriente, sobre las calles Mazapil, esquina con Gualterio, en la colonia San Jos\u00e9 de los Leones segunda secci\u00f3n, los efectivos se percataron de la actitud inusual de dos sujetos a bordo de un veh\u00edculo marca Nissan, modelo Tiida, color gris, que intentaron huir del sitio al notar la presencia de las fuerzas del orden.<\/p>\n<p>Los oficiales luego de una breve persecuci\u00f3n les dieron alcance y despu\u00e9s de presentarse como integrantes de las dependencias, llevaron a cabo una inspecci\u00f3n protocolaria.<\/p>\n<p>A su t\u00e9rmino, localizaron una pistola calibre 9 mil\u00edmetros con un cargador y diversos cartuchos \u00fatiles, 234 envoltorios de pl\u00e1stico que contienen una sustancia blanca granulada con las caracter\u00edsticas de la coca\u00edna en piedra, 38 m\u00e1s con aparente narc\u00f3tico conocido como coca\u00edna y cuatro celulares.<\/p>\n<p>Por lo anterior, detuvieron a Fernando \u201cN\u201d de 23 y Luis \u201cN\u201d de 42 a\u00f1os de edad y luego de darle lectura a los derechos que la ley emana a su favor, fueron trasladados a la Agencia del Ministerio P\u00fablico correspondiente, donde se definir\u00e1 su situaci\u00f3n jur\u00eddica.<\/p>\n<p>De acuerdo con las primeras investigaciones, los aprehendidos podr\u00edan formas parte de un grupo delictivo principal generador de violencia en la demarcaci\u00f3n que se dedica a la venta y distribuci\u00f3n de drogas, por lo que las indagatorias continuar\u00e1n.<\/p>\n","protected":false},"excerpt":{"rendered":"<p>Polic\u00edas de la Secretar\u00eda de Seguridad del Edom\u00e9x (SSEM) y polic\u00edas municipales, culminaron en la detenci\u00f3n de dos hombres posibles responsables de portaci\u00f3n de arma de fuego y narcomenudeo. Durante la aplicaci\u00f3n de recorridos de vigilancia y preventivos propios del Mando Unificado Zona Oriente, sobre las calles Mazapil, esquina con Gualterio, en la colonia San [&hellip;]<\/p>\n","protected":false},"author":1,"featured_media":53842,"comment_status":"open","ping_status":"open","sticky":false,"template":"","format":"standard","meta":{"footnotes":""},"categories":[102,243],"tags":[],"class_list":["post-53838","post","type-post","status-publish","format-standard","has-post-thumbnail","hentry","category-edomex","category-naucalpan"],"_links":{"self":[{"href":"https:\/\/quepocamadre.com\/index.php?rest_route=\/wp\/v2\/posts\/53838","targetHints":{"allow":["GET"]}}],"collection":[{"href":"https:\/\/quepocamadre.com\/index.php?rest_route=\/wp\/v2\/posts"}],"about":[{"href":"https:\/\/quepocamadre.com\/index.php?rest_route=\/wp\/v2\/types\/post"}],"author":[{"embeddable":true,"href":"https:\/\/quepocamadre.com\/index.php?rest_route=\/wp\/v2\/users\/1"}],"replies":[{"embeddable":true,"href":"https:\/\/quepocamadre.com\/index.php?rest_route=%2Fwp%2Fv2%2Fcomments&post=53838"}],"version-history":[{"count":1,"href":"https:\/\/quepocamadre.com\/index.php?rest_route=\/wp\/v2\/posts\/53838\/revisions"}],"predecessor-version":[{"id":53843,"href":"https:\/\/quepocamadre.com\/index.php?rest_route=\/wp\/v2\/posts\/53838\/revisions\/53843"}],"wp:featuredmedia":[{"embeddable":true,"href":"https:\/\/quepocamadre.com\/index.php?rest_route=\/wp\/v2\/media\/53842"}],"wp:attachment":[{"href":"https:\/\/quepocamadre.com\/index.php?rest_route=%2Fwp%2Fv2%2Fmedia&parent=53838"}],"wp:term":[{"taxonomy":"category","embeddable":true,"href":"https:\/\/quepocamadre.com\/index.php?rest_route=%2Fwp%2Fv2%2Fcategories&post=53838"},{"taxonomy":"post_tag","embeddable":true,"href":"https:\/\/quepocamadre.com\/index.php?rest_route=%2Fwp%2Fv2%2Ftags&post=53838"}],"curies":[{"name":"wp","href":"https:\/\/api.w.org\/{rel}","templated":true}]}}