{"id":53623,"date":"2025-08-21T08:06:43","date_gmt":"2025-08-21T14:06:43","guid":{"rendered":"https:\/\/quepocamadre.com\/?p=53623"},"modified":"2025-08-21T08:06:43","modified_gmt":"2025-08-21T14:06:43","slug":"localizan-seis-osamentas-humanas-en-cerro-de-zacatecas-durante-busqueda-forense","status":"publish","type":"post","link":"https:\/\/quepocamadre.com\/?p=53623","title":{"rendered":"LOCALIZAN SEIS OSAMENTAS HUMANAS EN CERRO DE ZACATECAS DURANTE B\u00daSQUEDA FORENSE"},"content":{"rendered":"<p>Durante una jornada de b\u00fasqueda forense realizada este martes en el cerro Las Tijerillas, en Valpara\u00edso, Zacatecas, autoridades localizaron al menos seis osamentas humanas, as\u00ed como prendas de vestir, cobijas y casquillos percutidos de arma larga, entre ellos de fusil AK-47. El operativo se llev\u00f3 a cabo en una zona previamente identificada dentro de carpetas de investigaci\u00f3n por desaparici\u00f3n forzada.<\/p>\n<p>La intervenci\u00f3n fue coordinada por el Gobierno de Zacatecas, con participaci\u00f3n de la Fiscal\u00eda General de Justicia del Estado, la Comisi\u00f3n Local de B\u00fasqueda, elementos de la Guardia Nacional, el Ej\u00e9rcito Mexicano y colectivos de familiares de personas desaparecidas. Los restos ser\u00e1n analizados por especialistas en antropolog\u00eda y gen\u00e9tica para su identificaci\u00f3n.<\/p>\n","protected":false},"excerpt":{"rendered":"<p>Durante una jornada de b\u00fasqueda forense realizada este martes en el cerro Las Tijerillas, en Valpara\u00edso, Zacatecas, autoridades localizaron al menos seis osamentas humanas, as\u00ed como prendas de vestir, cobijas y casquillos percutidos de arma larga, entre ellos de fusil AK-47. El operativo se llev\u00f3 a cabo en una zona previamente identificada dentro de carpetas [&hellip;]<\/p>\n","protected":false},"author":1,"featured_media":53627,"comment_status":"open","ping_status":"open","sticky":false,"template":"","format":"standard","meta":{"footnotes":""},"categories":[124,176],"tags":[],"class_list":["post-53623","post","type-post","status-publish","format-standard","has-post-thumbnail","hentry","category-nacional","category-zacatecas"],"_links":{"self":[{"href":"https:\/\/quepocamadre.com\/index.php?rest_route=\/wp\/v2\/posts\/53623","targetHints":{"allow":["GET"]}}],"collection":[{"href":"https:\/\/quepocamadre.com\/index.php?rest_route=\/wp\/v2\/posts"}],"about":[{"href":"https:\/\/quepocamadre.com\/index.php?rest_route=\/wp\/v2\/types\/post"}],"author":[{"embeddable":true,"href":"https:\/\/quepocamadre.com\/index.php?rest_route=\/wp\/v2\/users\/1"}],"replies":[{"embeddable":true,"href":"https:\/\/quepocamadre.com\/index.php?rest_route=%2Fwp%2Fv2%2Fcomments&post=53623"}],"version-history":[{"count":1,"href":"https:\/\/quepocamadre.com\/index.php?rest_route=\/wp\/v2\/posts\/53623\/revisions"}],"predecessor-version":[{"id":53628,"href":"https:\/\/quepocamadre.com\/index.php?rest_route=\/wp\/v2\/posts\/53623\/revisions\/53628"}],"wp:featuredmedia":[{"embeddable":true,"href":"https:\/\/quepocamadre.com\/index.php?rest_route=\/wp\/v2\/media\/53627"}],"wp:attachment":[{"href":"https:\/\/quepocamadre.com\/index.php?rest_route=%2Fwp%2Fv2%2Fmedia&parent=53623"}],"wp:term":[{"taxonomy":"category","embeddable":true,"href":"https:\/\/quepocamadre.com\/index.php?rest_route=%2Fwp%2Fv2%2Fcategories&post=53623"},{"taxonomy":"post_tag","embeddable":true,"href":"https:\/\/quepocamadre.com\/index.php?rest_route=%2Fwp%2Fv2%2Ftags&post=53623"}],"curies":[{"name":"wp","href":"https:\/\/api.w.org\/{rel}","templated":true}]}}