{"id":53506,"date":"2025-08-19T09:05:52","date_gmt":"2025-08-19T15:05:52","guid":{"rendered":"https:\/\/quepocamadre.com\/?p=53506"},"modified":"2025-08-19T09:05:52","modified_gmt":"2025-08-19T15:05:52","slug":"por-los-cielos-explosion-de-tanque-de-gas-en-almoloya-de-juarez-deja-dos-heridos","status":"publish","type":"post","link":"https:\/\/quepocamadre.com\/?p=53506","title":{"rendered":"\u00a1POR LOS CIELOS! EXPLOSI\u00d3N DE TANQUE DE GAS EN ALMOLOYA DE JU\u00c1REZ DEJA DOS HERIDOS"},"content":{"rendered":"<p>Dos personas resultaron lesionadas tras la explosi\u00f3n de un tanque de gas LP en una estaci\u00f3n de carga con raz\u00f3n social COMBUGAS, ubicada en la localidad de San Francisco Tlalcilalcalpan. El incidente ocurri\u00f3 cuando dos hombres realizaban labores de llenado, cuando el tanque comenz\u00f3 a presentar una fuga y posteriormente estall\u00f3.<\/p>\n<p>Elementos de Protecci\u00f3n Civil acudieron a prestar auxilio en el lugar, donde Margarito, de 56 a\u00f1os, y \u00c1lvaro, resultaron heridos, uno con traumatismo craneoencef\u00e1lico, el mayor; mientras que el otro present\u00f3 lesiones en el pie y la mano derecha; ambos se encuentran estables y fuera de peligro.<\/p>\n","protected":false},"excerpt":{"rendered":"<p>Dos personas resultaron lesionadas tras la explosi\u00f3n de un tanque de gas LP en una estaci\u00f3n de carga con raz\u00f3n social COMBUGAS, ubicada en la localidad de San Francisco Tlalcilalcalpan. El incidente ocurri\u00f3 cuando dos hombres realizaban labores de llenado, cuando el tanque comenz\u00f3 a presentar una fuga y posteriormente estall\u00f3. Elementos de Protecci\u00f3n Civil [&hellip;]<\/p>\n","protected":false},"author":1,"featured_media":53511,"comment_status":"open","ping_status":"open","sticky":false,"template":"","format":"standard","meta":{"footnotes":""},"categories":[276,102],"tags":[],"class_list":["post-53506","post","type-post","status-publish","format-standard","has-post-thumbnail","hentry","category-almoloya-de-juarez","category-edomex"],"_links":{"self":[{"href":"https:\/\/quepocamadre.com\/index.php?rest_route=\/wp\/v2\/posts\/53506","targetHints":{"allow":["GET"]}}],"collection":[{"href":"https:\/\/quepocamadre.com\/index.php?rest_route=\/wp\/v2\/posts"}],"about":[{"href":"https:\/\/quepocamadre.com\/index.php?rest_route=\/wp\/v2\/types\/post"}],"author":[{"embeddable":true,"href":"https:\/\/quepocamadre.com\/index.php?rest_route=\/wp\/v2\/users\/1"}],"replies":[{"embeddable":true,"href":"https:\/\/quepocamadre.com\/index.php?rest_route=%2Fwp%2Fv2%2Fcomments&post=53506"}],"version-history":[{"count":1,"href":"https:\/\/quepocamadre.com\/index.php?rest_route=\/wp\/v2\/posts\/53506\/revisions"}],"predecessor-version":[{"id":53512,"href":"https:\/\/quepocamadre.com\/index.php?rest_route=\/wp\/v2\/posts\/53506\/revisions\/53512"}],"wp:featuredmedia":[{"embeddable":true,"href":"https:\/\/quepocamadre.com\/index.php?rest_route=\/wp\/v2\/media\/53511"}],"wp:attachment":[{"href":"https:\/\/quepocamadre.com\/index.php?rest_route=%2Fwp%2Fv2%2Fmedia&parent=53506"}],"wp:term":[{"taxonomy":"category","embeddable":true,"href":"https:\/\/quepocamadre.com\/index.php?rest_route=%2Fwp%2Fv2%2Fcategories&post=53506"},{"taxonomy":"post_tag","embeddable":true,"href":"https:\/\/quepocamadre.com\/index.php?rest_route=%2Fwp%2Fv2%2Ftags&post=53506"}],"curies":[{"name":"wp","href":"https:\/\/api.w.org\/{rel}","templated":true}]}}