{"id":53475,"date":"2025-08-18T09:05:39","date_gmt":"2025-08-18T15:05:39","guid":{"rendered":"https:\/\/quepocamadre.com\/?p=53475"},"modified":"2025-08-18T09:05:39","modified_gmt":"2025-08-18T15:05:39","slug":"pinches-nacos-pelea-entre-aficionados-del-america-y-tigres-deja-ninos-heridos","status":"publish","type":"post","link":"https:\/\/quepocamadre.com\/?p=53475","title":{"rendered":"\u00a1PINCHES NACOS! PELEA ENTRE AFICIONADOS DEL AM\u00c9RICA Y TIGRES DEJA NI\u00d1OS HERIDOS"},"content":{"rendered":"<p>Tras la derrota de Tigres contra Am\u00e9rica, dos menores resultaron lesionados junto a 5 adultos golpeados luego de un enfrentamiento entre aficionados. Dos involucrados la ri\u00f1a fueron puestos a disposici\u00f3n de las autoridades correspondientes.<\/p>\n<p>Videos se han viralizado donde un grupo le da una paliza a un par de personas, con jersey del Am\u00e9rica; uno ya est\u00e1 tirado en el piso y no parece levantarse, mientras que otro busca escapar, cae, y lo reciben con una patada en la cara, dej\u00e1ndolo noqueado.<\/p>\n","protected":false},"excerpt":{"rendered":"<p>Tras la derrota de Tigres contra Am\u00e9rica, dos menores resultaron lesionados junto a 5 adultos golpeados luego de un enfrentamiento entre aficionados. Dos involucrados la ri\u00f1a fueron puestos a disposici\u00f3n de las autoridades correspondientes. Videos se han viralizado donde un grupo le da una paliza a un par de personas, con jersey del Am\u00e9rica; uno [&hellip;]<\/p>\n","protected":false},"author":1,"featured_media":53479,"comment_status":"open","ping_status":"open","sticky":false,"template":"","format":"standard","meta":{"footnotes":""},"categories":[124,169],"tags":[],"class_list":["post-53475","post","type-post","status-publish","format-standard","has-post-thumbnail","hentry","category-nacional","category-nuevo-leon"],"_links":{"self":[{"href":"https:\/\/quepocamadre.com\/index.php?rest_route=\/wp\/v2\/posts\/53475","targetHints":{"allow":["GET"]}}],"collection":[{"href":"https:\/\/quepocamadre.com\/index.php?rest_route=\/wp\/v2\/posts"}],"about":[{"href":"https:\/\/quepocamadre.com\/index.php?rest_route=\/wp\/v2\/types\/post"}],"author":[{"embeddable":true,"href":"https:\/\/quepocamadre.com\/index.php?rest_route=\/wp\/v2\/users\/1"}],"replies":[{"embeddable":true,"href":"https:\/\/quepocamadre.com\/index.php?rest_route=%2Fwp%2Fv2%2Fcomments&post=53475"}],"version-history":[{"count":1,"href":"https:\/\/quepocamadre.com\/index.php?rest_route=\/wp\/v2\/posts\/53475\/revisions"}],"predecessor-version":[{"id":53480,"href":"https:\/\/quepocamadre.com\/index.php?rest_route=\/wp\/v2\/posts\/53475\/revisions\/53480"}],"wp:featuredmedia":[{"embeddable":true,"href":"https:\/\/quepocamadre.com\/index.php?rest_route=\/wp\/v2\/media\/53479"}],"wp:attachment":[{"href":"https:\/\/quepocamadre.com\/index.php?rest_route=%2Fwp%2Fv2%2Fmedia&parent=53475"}],"wp:term":[{"taxonomy":"category","embeddable":true,"href":"https:\/\/quepocamadre.com\/index.php?rest_route=%2Fwp%2Fv2%2Fcategories&post=53475"},{"taxonomy":"post_tag","embeddable":true,"href":"https:\/\/quepocamadre.com\/index.php?rest_route=%2Fwp%2Fv2%2Ftags&post=53475"}],"curies":[{"name":"wp","href":"https:\/\/api.w.org\/{rel}","templated":true}]}}