{"id":53168,"date":"2025-08-11T08:47:57","date_gmt":"2025-08-11T14:47:57","guid":{"rendered":"https:\/\/quepocamadre.com\/?p=53168"},"modified":"2025-08-11T08:47:57","modified_gmt":"2025-08-11T14:47:57","slug":"fuerte-accidente-se-vuelca-taxi-en-atlacomulco-dejando-seis-heridos","status":"publish","type":"post","link":"https:\/\/quepocamadre.com\/?p=53168","title":{"rendered":"\u00a1FUERTE ACCIDENTE! SE VUELCA TAXI EN ATLACOMULCO, DEJANDO SEIS HERIDOS"},"content":{"rendered":"<p>Fuerte accidente se suscit\u00f3 en el municipio de Atlacomulco, Edom\u00e9x, despu\u00e9s de que un taxi se volcara sobre el circuito vial Jorge Jim\u00e9nez Cant\u00fa.<\/p>\n<p>La unidad qued\u00f3 con las llantas hacia arriba, cuando el conductor perdi\u00f3 el control del taxi, frente a un restaurante.<\/p>\n<p>El accidente dej\u00f3 a seis personas heridas, que fueron atendidas en el lugar por param\u00e9dicos de la Comisi\u00f3n de Emergencia Atlacomulco.<\/p>\n<p>Para seguir siendo evaluadas, las v\u00edctimas tuvieron que ser trasladadas al hospital general de Atlacomulco, mientras que el taxi chocado fue remolcado en gr\u00faa ante autoridades competentes.<\/p>\n","protected":false},"excerpt":{"rendered":"<p>Fuerte accidente se suscit\u00f3 en el municipio de Atlacomulco, Edom\u00e9x, despu\u00e9s de que un taxi se volcara sobre el circuito vial Jorge Jim\u00e9nez Cant\u00fa. La unidad qued\u00f3 con las llantas hacia arriba, cuando el conductor perdi\u00f3 el control del taxi, frente a un restaurante. El accidente dej\u00f3 a seis personas heridas, que fueron atendidas en [&hellip;]<\/p>\n","protected":false},"author":1,"featured_media":53172,"comment_status":"open","ping_status":"open","sticky":false,"template":"","format":"standard","meta":{"footnotes":""},"categories":[236,102],"tags":[],"class_list":["post-53168","post","type-post","status-publish","format-standard","has-post-thumbnail","hentry","category-atlacomulco","category-edomex"],"_links":{"self":[{"href":"https:\/\/quepocamadre.com\/index.php?rest_route=\/wp\/v2\/posts\/53168","targetHints":{"allow":["GET"]}}],"collection":[{"href":"https:\/\/quepocamadre.com\/index.php?rest_route=\/wp\/v2\/posts"}],"about":[{"href":"https:\/\/quepocamadre.com\/index.php?rest_route=\/wp\/v2\/types\/post"}],"author":[{"embeddable":true,"href":"https:\/\/quepocamadre.com\/index.php?rest_route=\/wp\/v2\/users\/1"}],"replies":[{"embeddable":true,"href":"https:\/\/quepocamadre.com\/index.php?rest_route=%2Fwp%2Fv2%2Fcomments&post=53168"}],"version-history":[{"count":1,"href":"https:\/\/quepocamadre.com\/index.php?rest_route=\/wp\/v2\/posts\/53168\/revisions"}],"predecessor-version":[{"id":53173,"href":"https:\/\/quepocamadre.com\/index.php?rest_route=\/wp\/v2\/posts\/53168\/revisions\/53173"}],"wp:featuredmedia":[{"embeddable":true,"href":"https:\/\/quepocamadre.com\/index.php?rest_route=\/wp\/v2\/media\/53172"}],"wp:attachment":[{"href":"https:\/\/quepocamadre.com\/index.php?rest_route=%2Fwp%2Fv2%2Fmedia&parent=53168"}],"wp:term":[{"taxonomy":"category","embeddable":true,"href":"https:\/\/quepocamadre.com\/index.php?rest_route=%2Fwp%2Fv2%2Fcategories&post=53168"},{"taxonomy":"post_tag","embeddable":true,"href":"https:\/\/quepocamadre.com\/index.php?rest_route=%2Fwp%2Fv2%2Ftags&post=53168"}],"curies":[{"name":"wp","href":"https:\/\/api.w.org\/{rel}","templated":true}]}}