{"id":53012,"date":"2025-08-06T09:19:51","date_gmt":"2025-08-06T15:19:51","guid":{"rendered":"https:\/\/quepocamadre.com\/?p=53012"},"modified":"2025-08-06T09:19:51","modified_gmt":"2025-08-06T15:19:51","slug":"rescatan-autoridades-a-115-aves-de-corral-y-un-ave-rapaz-en-atizapan-de-zaragoza","status":"publish","type":"post","link":"https:\/\/quepocamadre.com\/?p=53012","title":{"rendered":"Rescatan autoridades a 115 aves de corral y un ave rapaz en Atizap\u00e1n de Zaragoza"},"content":{"rendered":"<p>Elementos de la FGJEM, junto con PROPAEM y CEPANAF rescataron a 115 aves de corral, (gallos, gallinas y polluelos), as\u00ed como un ave \u201ccaracara\u201d (ave rapaz silvestre protegida y en peligro de extinci\u00f3n) en condiciones de maltrato que se encontraban en un inmueble ubicado en el Ejido San Miguel Chalma.<\/p>\n<p>Fue mediante una denuncia ciudadana, en la que se alert\u00f3 sobre la existencia de un inmueble que funcionaba como criadero de gallos y gallinas, el cual operaba sin las condiciones debidas.<\/p>\n<p>Tras el cateo en el inmueble se confirm\u00f3 que las aves se encontraban en situaci\u00f3n de hacinamiento, maltrato y abandono, por lo que los ejemplares de corral quedaron bajo el resguardo de PROPAEM, en tanto que el ave rapaz qued\u00f3 bajo la protecci\u00f3n de la Procuradur\u00eda Federal de Protecci\u00f3n al Ambiente (PROFEPA).<\/p>\n<p>Durante esta acci\u00f3n tambi\u00e9n se localizaron narc\u00f3ticos, con las caracter\u00edsticas propias de la marihuana por lo que el inmueble qued\u00f3 asegurado.<\/p>\n<p><a href=\"https:\/\/quepocamadre.com\/wp-content\/uploads\/2025\/08\/rescatan.jpeg\"><img fetchpriority=\"high\" decoding=\"async\" class=\"aligncenter size-full wp-image-53020\" src=\"https:\/\/quepocamadre.com\/wp-content\/uploads\/2025\/08\/rescatan.jpeg\" alt=\"\" width=\"1200\" height=\"801\" srcset=\"https:\/\/quepocamadre.com\/wp-content\/uploads\/2025\/08\/rescatan.jpeg 1200w, https:\/\/quepocamadre.com\/wp-content\/uploads\/2025\/08\/rescatan-300x200.jpeg 300w, https:\/\/quepocamadre.com\/wp-content\/uploads\/2025\/08\/rescatan-1024x684.jpeg 1024w, https:\/\/quepocamadre.com\/wp-content\/uploads\/2025\/08\/rescatan-768x513.jpeg 768w\" sizes=\"(max-width: 1200px) 100vw, 1200px\" \/><\/a><\/p>\n","protected":false},"excerpt":{"rendered":"<p>Elementos de la FGJEM, junto con PROPAEM y CEPANAF rescataron a 115 aves de corral, (gallos, gallinas y polluelos), as\u00ed como un ave \u201ccaracara\u201d (ave rapaz silvestre protegida y en peligro de extinci\u00f3n) en condiciones de maltrato que se encontraban en un inmueble ubicado en el Ejido San Miguel Chalma. Fue mediante una denuncia ciudadana, [&hellip;]<\/p>\n","protected":false},"author":1,"featured_media":53021,"comment_status":"open","ping_status":"open","sticky":false,"template":"","format":"standard","meta":{"footnotes":""},"categories":[248,102],"tags":[],"class_list":["post-53012","post","type-post","status-publish","format-standard","has-post-thumbnail","hentry","category-atizapan-de-zaragoza","category-edomex"],"_links":{"self":[{"href":"https:\/\/quepocamadre.com\/index.php?rest_route=\/wp\/v2\/posts\/53012","targetHints":{"allow":["GET"]}}],"collection":[{"href":"https:\/\/quepocamadre.com\/index.php?rest_route=\/wp\/v2\/posts"}],"about":[{"href":"https:\/\/quepocamadre.com\/index.php?rest_route=\/wp\/v2\/types\/post"}],"author":[{"embeddable":true,"href":"https:\/\/quepocamadre.com\/index.php?rest_route=\/wp\/v2\/users\/1"}],"replies":[{"embeddable":true,"href":"https:\/\/quepocamadre.com\/index.php?rest_route=%2Fwp%2Fv2%2Fcomments&post=53012"}],"version-history":[{"count":1,"href":"https:\/\/quepocamadre.com\/index.php?rest_route=\/wp\/v2\/posts\/53012\/revisions"}],"predecessor-version":[{"id":53022,"href":"https:\/\/quepocamadre.com\/index.php?rest_route=\/wp\/v2\/posts\/53012\/revisions\/53022"}],"wp:featuredmedia":[{"embeddable":true,"href":"https:\/\/quepocamadre.com\/index.php?rest_route=\/wp\/v2\/media\/53021"}],"wp:attachment":[{"href":"https:\/\/quepocamadre.com\/index.php?rest_route=%2Fwp%2Fv2%2Fmedia&parent=53012"}],"wp:term":[{"taxonomy":"category","embeddable":true,"href":"https:\/\/quepocamadre.com\/index.php?rest_route=%2Fwp%2Fv2%2Fcategories&post=53012"},{"taxonomy":"post_tag","embeddable":true,"href":"https:\/\/quepocamadre.com\/index.php?rest_route=%2Fwp%2Fv2%2Ftags&post=53012"}],"curies":[{"name":"wp","href":"https:\/\/api.w.org\/{rel}","templated":true}]}}