{"id":52929,"date":"2025-08-05T08:16:13","date_gmt":"2025-08-05T14:16:13","guid":{"rendered":"https:\/\/quepocamadre.com\/?p=52929"},"modified":"2025-08-05T08:16:13","modified_gmt":"2025-08-05T14:16:13","slug":"dejo-solo-a-sus-becerros-hombre-cuidaba-su-ganado-y-un-rayo-lo-mato","status":"publish","type":"post","link":"https:\/\/quepocamadre.com\/?p=52929","title":{"rendered":"\u00a1DEJ\u00d3 SOLO A SUS BECERROS! HOMBRE CUIDABA SU GANADO Y UN RAY\u00d3 LO MAT\u00d3"},"content":{"rendered":"<p>Un hombre que se encontraba cuidando a su ganado perdi\u00f3 la vida luego de ser alcanzado por un rayo en la comunidad de San Pedro Tlaltizap\u00e1n, perteneciente al municipio de Tianguistenco.<\/p>\n<p>El suceso se registr\u00f3 la tarde del jueves; el masculino pastoreaba a sus animales en un descampado ubicado entre las calles Emiliano Zapata y San Nicol\u00e1s, cuando se desat\u00f3 una fuerte tormenta.<\/p>\n<p>A pesar de que las condiciones clim\u00e1ticas se volvieron adversas, el sujeto no se retir\u00f3 del sitio, y minutos m\u00e1s tarde recibi\u00f3 la descarga el\u00e9ctrica de un rayo, cayendo inmediatamente al piso sin vida.<\/p>\n","protected":false},"excerpt":{"rendered":"<p>Un hombre que se encontraba cuidando a su ganado perdi\u00f3 la vida luego de ser alcanzado por un rayo en la comunidad de San Pedro Tlaltizap\u00e1n, perteneciente al municipio de Tianguistenco. El suceso se registr\u00f3 la tarde del jueves; el masculino pastoreaba a sus animales en un descampado ubicado entre las calles Emiliano Zapata y [&hellip;]<\/p>\n","protected":false},"author":1,"featured_media":52930,"comment_status":"open","ping_status":"open","sticky":false,"template":"","format":"standard","meta":{"footnotes":""},"categories":[102,239],"tags":[],"class_list":["post-52929","post","type-post","status-publish","format-standard","has-post-thumbnail","hentry","category-edomex","category-santiago-tianguistenco"],"_links":{"self":[{"href":"https:\/\/quepocamadre.com\/index.php?rest_route=\/wp\/v2\/posts\/52929","targetHints":{"allow":["GET"]}}],"collection":[{"href":"https:\/\/quepocamadre.com\/index.php?rest_route=\/wp\/v2\/posts"}],"about":[{"href":"https:\/\/quepocamadre.com\/index.php?rest_route=\/wp\/v2\/types\/post"}],"author":[{"embeddable":true,"href":"https:\/\/quepocamadre.com\/index.php?rest_route=\/wp\/v2\/users\/1"}],"replies":[{"embeddable":true,"href":"https:\/\/quepocamadre.com\/index.php?rest_route=%2Fwp%2Fv2%2Fcomments&post=52929"}],"version-history":[{"count":1,"href":"https:\/\/quepocamadre.com\/index.php?rest_route=\/wp\/v2\/posts\/52929\/revisions"}],"predecessor-version":[{"id":52931,"href":"https:\/\/quepocamadre.com\/index.php?rest_route=\/wp\/v2\/posts\/52929\/revisions\/52931"}],"wp:featuredmedia":[{"embeddable":true,"href":"https:\/\/quepocamadre.com\/index.php?rest_route=\/wp\/v2\/media\/52930"}],"wp:attachment":[{"href":"https:\/\/quepocamadre.com\/index.php?rest_route=%2Fwp%2Fv2%2Fmedia&parent=52929"}],"wp:term":[{"taxonomy":"category","embeddable":true,"href":"https:\/\/quepocamadre.com\/index.php?rest_route=%2Fwp%2Fv2%2Fcategories&post=52929"},{"taxonomy":"post_tag","embeddable":true,"href":"https:\/\/quepocamadre.com\/index.php?rest_route=%2Fwp%2Fv2%2Ftags&post=52929"}],"curies":[{"name":"wp","href":"https:\/\/api.w.org\/{rel}","templated":true}]}}