{"id":52816,"date":"2025-08-01T08:13:20","date_gmt":"2025-08-01T14:13:20","guid":{"rendered":"https:\/\/quepocamadre.com\/?p=52816"},"modified":"2025-08-01T08:13:20","modified_gmt":"2025-08-01T14:13:20","slug":"matan-a-balazos-a-un-hombre-en-pleno-centro-de-el-carmen-tequexquitla","status":"publish","type":"post","link":"https:\/\/quepocamadre.com\/?p=52816","title":{"rendered":"MATAN A BALAZOS A UN HOMBRE EN PLENO CENTRO DE EL CARMEN TEQUEXQUITLA"},"content":{"rendered":"<p>Roberto N., de 30 a\u00f1os, fue asesinado a tiros la tarde de este lunes en pleno centro del municipio de El Carmen Tequexquitla, Tlaxcala. Testigos relataron que sujetos armados a bordo de una camioneta RAM doble cabina gris abrieron fuego directamente contra la v\u00edctima, quien recibi\u00f3 m\u00faltiples impactos en el t\u00f3rax y falleci\u00f3 en el lugar.<\/p>\n<p>Los agresores huyeron a toda velocidad con rumbo al estado de Puebla, donde autoridades ya emitieron una alerta interestatal para localizar la unidad utilizada en el crimen. La Fiscal\u00eda General de Justicia del Estado abri\u00f3 una carpeta por homicidio doloso, mientras la Unidad de Investigaci\u00f3n de Delitos de Alto Impacto realiza las diligencias correspondientes.<\/p>\n","protected":false},"excerpt":{"rendered":"<p>Roberto N., de 30 a\u00f1os, fue asesinado a tiros la tarde de este lunes en pleno centro del municipio de El Carmen Tequexquitla, Tlaxcala. Testigos relataron que sujetos armados a bordo de una camioneta RAM doble cabina gris abrieron fuego directamente contra la v\u00edctima, quien recibi\u00f3 m\u00faltiples impactos en el t\u00f3rax y falleci\u00f3 en el [&hellip;]<\/p>\n","protected":false},"author":1,"featured_media":52820,"comment_status":"open","ping_status":"open","sticky":false,"template":"","format":"standard","meta":{"footnotes":""},"categories":[124,170],"tags":[],"class_list":["post-52816","post","type-post","status-publish","format-standard","has-post-thumbnail","hentry","category-nacional","category-tlaxcala"],"_links":{"self":[{"href":"https:\/\/quepocamadre.com\/index.php?rest_route=\/wp\/v2\/posts\/52816","targetHints":{"allow":["GET"]}}],"collection":[{"href":"https:\/\/quepocamadre.com\/index.php?rest_route=\/wp\/v2\/posts"}],"about":[{"href":"https:\/\/quepocamadre.com\/index.php?rest_route=\/wp\/v2\/types\/post"}],"author":[{"embeddable":true,"href":"https:\/\/quepocamadre.com\/index.php?rest_route=\/wp\/v2\/users\/1"}],"replies":[{"embeddable":true,"href":"https:\/\/quepocamadre.com\/index.php?rest_route=%2Fwp%2Fv2%2Fcomments&post=52816"}],"version-history":[{"count":1,"href":"https:\/\/quepocamadre.com\/index.php?rest_route=\/wp\/v2\/posts\/52816\/revisions"}],"predecessor-version":[{"id":52821,"href":"https:\/\/quepocamadre.com\/index.php?rest_route=\/wp\/v2\/posts\/52816\/revisions\/52821"}],"wp:featuredmedia":[{"embeddable":true,"href":"https:\/\/quepocamadre.com\/index.php?rest_route=\/wp\/v2\/media\/52820"}],"wp:attachment":[{"href":"https:\/\/quepocamadre.com\/index.php?rest_route=%2Fwp%2Fv2%2Fmedia&parent=52816"}],"wp:term":[{"taxonomy":"category","embeddable":true,"href":"https:\/\/quepocamadre.com\/index.php?rest_route=%2Fwp%2Fv2%2Fcategories&post=52816"},{"taxonomy":"post_tag","embeddable":true,"href":"https:\/\/quepocamadre.com\/index.php?rest_route=%2Fwp%2Fv2%2Ftags&post=52816"}],"curies":[{"name":"wp","href":"https:\/\/api.w.org\/{rel}","templated":true}]}}