{"id":52772,"date":"2025-07-31T08:52:01","date_gmt":"2025-07-31T14:52:01","guid":{"rendered":"https:\/\/quepocamadre.com\/?p=52772"},"modified":"2025-07-31T08:52:01","modified_gmt":"2025-07-31T14:52:01","slug":"insolito-en-hermosillo-carroza-funebre-vuelca-y-cadaver-termina-en-el-pavimento","status":"publish","type":"post","link":"https:\/\/quepocamadre.com\/?p=52772","title":{"rendered":"\u00a1Ins\u00f3lito! En Hermosillo carroza f\u00fanebre vuelca y cad\u00e1ver termina en el pavimento"},"content":{"rendered":"<p>Un ins\u00f3lito y aparatoso accidente ocurri\u00f3 en la ciudad, cuando una carroza f\u00fanebre volc\u00f3 mientras transportaba un cuerpo al cementerio. Lo m\u00e1s impactante es que, durante la volcadura, \u00a1el f\u00e9retro sali\u00f3 de la camioneta y el cad\u00e1ver termin\u00f3 en el pavimento de una de las avenidas m\u00e1s transitadas!<\/p>\n<p>El impresionante momento fue captado en im\u00e1genes que ya se hicieron virales en redes sociales. Mientras las autoridades investigan las causas del accidente, se report\u00f3 que el conductor de la carroza sali\u00f3 ileso. El cad\u00e1ver fue devuelto a la funeraria para ser preparado nuevamente y proceder a su sepultura. \u00a1Una escena que sin duda dej\u00f3 a todos los testigos con la boca abierta!<\/p>\n","protected":false},"excerpt":{"rendered":"<p>Un ins\u00f3lito y aparatoso accidente ocurri\u00f3 en la ciudad, cuando una carroza f\u00fanebre volc\u00f3 mientras transportaba un cuerpo al cementerio. Lo m\u00e1s impactante es que, durante la volcadura, \u00a1el f\u00e9retro sali\u00f3 de la camioneta y el cad\u00e1ver termin\u00f3 en el pavimento de una de las avenidas m\u00e1s transitadas! El impresionante momento fue captado en im\u00e1genes [&hellip;]<\/p>\n","protected":false},"author":1,"featured_media":52778,"comment_status":"open","ping_status":"open","sticky":false,"template":"","format":"standard","meta":{"footnotes":""},"categories":[124,138],"tags":[],"class_list":["post-52772","post","type-post","status-publish","format-standard","has-post-thumbnail","hentry","category-nacional","category-sonora"],"_links":{"self":[{"href":"https:\/\/quepocamadre.com\/index.php?rest_route=\/wp\/v2\/posts\/52772","targetHints":{"allow":["GET"]}}],"collection":[{"href":"https:\/\/quepocamadre.com\/index.php?rest_route=\/wp\/v2\/posts"}],"about":[{"href":"https:\/\/quepocamadre.com\/index.php?rest_route=\/wp\/v2\/types\/post"}],"author":[{"embeddable":true,"href":"https:\/\/quepocamadre.com\/index.php?rest_route=\/wp\/v2\/users\/1"}],"replies":[{"embeddable":true,"href":"https:\/\/quepocamadre.com\/index.php?rest_route=%2Fwp%2Fv2%2Fcomments&post=52772"}],"version-history":[{"count":1,"href":"https:\/\/quepocamadre.com\/index.php?rest_route=\/wp\/v2\/posts\/52772\/revisions"}],"predecessor-version":[{"id":52779,"href":"https:\/\/quepocamadre.com\/index.php?rest_route=\/wp\/v2\/posts\/52772\/revisions\/52779"}],"wp:featuredmedia":[{"embeddable":true,"href":"https:\/\/quepocamadre.com\/index.php?rest_route=\/wp\/v2\/media\/52778"}],"wp:attachment":[{"href":"https:\/\/quepocamadre.com\/index.php?rest_route=%2Fwp%2Fv2%2Fmedia&parent=52772"}],"wp:term":[{"taxonomy":"category","embeddable":true,"href":"https:\/\/quepocamadre.com\/index.php?rest_route=%2Fwp%2Fv2%2Fcategories&post=52772"},{"taxonomy":"post_tag","embeddable":true,"href":"https:\/\/quepocamadre.com\/index.php?rest_route=%2Fwp%2Fv2%2Ftags&post=52772"}],"curies":[{"name":"wp","href":"https:\/\/api.w.org\/{rel}","templated":true}]}}