{"id":52745,"date":"2025-07-31T08:47:19","date_gmt":"2025-07-31T14:47:19","guid":{"rendered":"https:\/\/quepocamadre.com\/?p=52745"},"modified":"2025-07-31T08:47:19","modified_gmt":"2025-07-31T14:47:19","slug":"localizan-a-joven-sin-vida-en-vehiculo-en-ciudad-obregon","status":"publish","type":"post","link":"https:\/\/quepocamadre.com\/?p=52745","title":{"rendered":"LOCALIZAN A JOVEN SIN VIDA EN VEH\u00cdCULO EN CIUDAD OBREG\u00d3N"},"content":{"rendered":"<p>Un joven fue encontrado sin vida dentro de un veh\u00edculo, en el cruce del bulevar Las Torres y la calle 100, en la colonia Beltrones, en Ciudad Obreg\u00f3n, Sonora. De acuerdo con los primeros reportes, el cuerpo presentaba signos evidentes de violencia, aunque no se ha confirmado la causa exacta del deceso.<\/p>\n<p>Elementos de seguridad acudieron al lugar para acordonar la zona y permitir las labores del personal de la Fiscal\u00eda General de Justicia del Estado, quienes iniciaron las investigaciones correspondientes. Hasta el momento no se ha revelado la identidad de la v\u00edctima ni se reportan personas detenidas en relaci\u00f3n con el caso.<\/p>\n","protected":false},"excerpt":{"rendered":"<p>Un joven fue encontrado sin vida dentro de un veh\u00edculo, en el cruce del bulevar Las Torres y la calle 100, en la colonia Beltrones, en Ciudad Obreg\u00f3n, Sonora. De acuerdo con los primeros reportes, el cuerpo presentaba signos evidentes de violencia, aunque no se ha confirmado la causa exacta del deceso. Elementos de seguridad [&hellip;]<\/p>\n","protected":false},"author":1,"featured_media":52752,"comment_status":"open","ping_status":"open","sticky":false,"template":"","format":"standard","meta":{"footnotes":""},"categories":[124,138],"tags":[],"class_list":["post-52745","post","type-post","status-publish","format-standard","has-post-thumbnail","hentry","category-nacional","category-sonora"],"_links":{"self":[{"href":"https:\/\/quepocamadre.com\/index.php?rest_route=\/wp\/v2\/posts\/52745","targetHints":{"allow":["GET"]}}],"collection":[{"href":"https:\/\/quepocamadre.com\/index.php?rest_route=\/wp\/v2\/posts"}],"about":[{"href":"https:\/\/quepocamadre.com\/index.php?rest_route=\/wp\/v2\/types\/post"}],"author":[{"embeddable":true,"href":"https:\/\/quepocamadre.com\/index.php?rest_route=\/wp\/v2\/users\/1"}],"replies":[{"embeddable":true,"href":"https:\/\/quepocamadre.com\/index.php?rest_route=%2Fwp%2Fv2%2Fcomments&post=52745"}],"version-history":[{"count":1,"href":"https:\/\/quepocamadre.com\/index.php?rest_route=\/wp\/v2\/posts\/52745\/revisions"}],"predecessor-version":[{"id":52753,"href":"https:\/\/quepocamadre.com\/index.php?rest_route=\/wp\/v2\/posts\/52745\/revisions\/52753"}],"wp:featuredmedia":[{"embeddable":true,"href":"https:\/\/quepocamadre.com\/index.php?rest_route=\/wp\/v2\/media\/52752"}],"wp:attachment":[{"href":"https:\/\/quepocamadre.com\/index.php?rest_route=%2Fwp%2Fv2%2Fmedia&parent=52745"}],"wp:term":[{"taxonomy":"category","embeddable":true,"href":"https:\/\/quepocamadre.com\/index.php?rest_route=%2Fwp%2Fv2%2Fcategories&post=52745"},{"taxonomy":"post_tag","embeddable":true,"href":"https:\/\/quepocamadre.com\/index.php?rest_route=%2Fwp%2Fv2%2Ftags&post=52745"}],"curies":[{"name":"wp","href":"https:\/\/api.w.org\/{rel}","templated":true}]}}